{"id":69016,"date":"2022-12-05T12:01:49","date_gmt":"2022-12-05T07:01:49","guid":{"rendered":"https:\/\/zamanturkmenistan.com.tm\/?p=69016"},"modified":"2022-12-05T12:01:49","modified_gmt":"2022-12-05T07:01:49","slug":"izmirden-daskende-baran-otly-turkmenistandan-gecdi","status":"publish","type":"post","link":"https:\/\/zamanturkmenistan.com.tm\/?p=69016","title":{"rendered":"Izmirden Da\u015fkende baran otly T\u00fcrkmenistandan ge\u00e7di"},"content":{"rendered":"<p>Izmirden hereket edip, \u00d6zbegistana pa\u00fdtagtyna baran ilkinji \u00fd\u00fck otlusy \u00fdurdumyzy\u0148 \u00e7\u00e4ginden ge\u00e7di. Bu waka mynasybetli Da\u015fkendi\u0148 demir \u00fdol bekedinde dabara ge\u00e7irildi. Demir \u00fdol ulagy T\u00fcrki\u00fd\u00e4ni\u0148 g\u00fcnbataryndaky port \u015f\u00e4herinden hereket edip, Wan k\u00f6l\u00fcni\u0148 gola\u00fdyndan, E\u00fdrandan we T\u00fcrkmenistandan ge\u00e7ip, \u00d6zbegistana bardy.<\/p>\n<p>40 wagonly otlyny\u0148 \u00fd\u00fcklerini\u0148 arasynda \u00f6\u00fd hojalyk tehnikalaryny\u0148 we howalandyryjy ulgamlary\u0148 bardygy habar berildi.<\/p>\n","protected":false},"excerpt":{"rendered":"<p>Izmirden hereket edip, \u00d6zbegistana pa\u00fdtagtyna baran ilkinji \u00fd\u00fck otlusy \u00fdurdumyzy\u0148 \u00e7\u00e4ginden ge\u00e7di. Bu waka mynasybetli Da\u015fkendi\u0148 demir \u00fdol bekedinde dabara ge\u00e7irildi. Demir \u00fdol ulagy T\u00fcrki\u00fd\u00e4ni\u0148 g\u00fcnbataryndaky port \u015f\u00e4herinden hereket edip, Wan k\u00f6l\u00fcni\u0148 gola\u00fdyndan, E\u00fdrandan we T\u00fcrkmenistandan ge\u00e7ip, \u00d6zbegistana bardy. 40 wagonly otlyny\u0148 \u00fd\u00fcklerini\u0148 arasynda \u00f6\u00fd hojalyk tehnikalaryny\u0148 we howalandyryjy ulgamlary\u0148 bardygy habar berildi.<\/p>\n","protected":false},"author":2,"featured_media":69017,"comment_status":"open","ping_status":"closed","sticky":false,"template":"","format":"standard","meta":{"footnotes":""},"categories":[5,3],"tags":[],"acf":[],"_links":{"self":[{"href":"https:\/\/zamanturkmenistan.com.tm\/index.php?rest_route=\/wp\/v2\/posts\/69016"}],"collection":[{"href":"https:\/\/zamanturkmenistan.com.tm\/index.php?rest_route=\/wp\/v2\/posts"}],"about":[{"href":"https:\/\/zamanturkmenistan.com.tm\/index.php?rest_route=\/wp\/v2\/types\/post"}],"author":[{"embeddable":true,"href":"https:\/\/zamanturkmenistan.com.tm\/index.php?rest_route=\/wp\/v2\/users\/2"}],"replies":[{"embeddable":true,"href":"https:\/\/zamanturkmenistan.com.tm\/index.php?rest_route=%2Fwp%2Fv2%2Fcomments&post=69016"}],"version-history":[{"count":1,"href":"https:\/\/zamanturkmenistan.com.tm\/index.php?rest_route=\/wp\/v2\/posts\/69016\/revisions"}],"predecessor-version":[{"id":69018,"href":"https:\/\/zamanturkmenistan.com.tm\/index.php?rest_route=\/wp\/v2\/posts\/69016\/revisions\/69018"}],"wp:featuredmedia":[{"embeddable":true,"href":"https:\/\/zamanturkmenistan.com.tm\/index.php?rest_route=\/wp\/v2\/media\/69017"}],"wp:attachment":[{"href":"https:\/\/zamanturkmenistan.com.tm\/index.php?rest_route=%2Fwp%2Fv2%2Fmedia&parent=69016"}],"wp:term":[{"taxonomy":"category","embeddable":true,"href":"https:\/\/zamanturkmenistan.com.tm\/index.php?rest_route=%2Fwp%2Fv2%2Fcategories&post=69016"},{"taxonomy":"post_tag","embeddable":true,"href":"https:\/\/zamanturkmenistan.com.tm\/index.php?rest_route=%2Fwp%2Fv2%2Ftags&post=69016"}],"curies":[{"name":"wp","href":"https:\/\/api.w.org\/{rel}","templated":true}]}}