{"id":69172,"date":"2022-12-07T17:34:25","date_gmt":"2022-12-07T12:34:25","guid":{"rendered":"https:\/\/zamanturkmenistan.com.tm\/?p=69172"},"modified":"2022-12-07T17:43:07","modified_gmt":"2022-12-07T12:43:07","slug":"taze-filmin-gorkezilisi-boldy-yene-iki-gun-dowam-edyar","status":"publish","type":"post","link":"https:\/\/zamanturkmenistan.com.tm\/?p=69172","title":{"rendered":"T\u00e4ze filmi\u0148 g\u00f6rkezili\u015fi boldy, \u00fdene iki g\u00fcn dowam ed\u00fd\u00e4r"},"content":{"rendered":"<p>Pa\u00fd\u00adtag\u00adty\u00admyz\u00adda\u00adky \u00abA\u015f\u00adga\u00adbat\u00bb ki\u00adno\u00adte\u00adat\u00adryn\u00adda Oguz han adyn\u00adda\u00adky \u00abT\u00fcrk\u00admen\u00adfilm\u00bb bir\u00adle\u00ad\u015fi\u00adgi ta\u00adra\u00adpyn\u00addan su\u00adra\u00adta d\u00fc\u00ad\u015f\u00fc\u00adri\u00adlen t\u00e4\u00adze film\u00adle\u00adri\u0148 g\u00f6r\u00adke\u00adzi\u00adli\u00ad\u015fi gu\u00adral\u00ad\u00fdar. \u015eu g\u00fcn, 7-nji de\u00adkabr\u00adda \u00abUly ba\u00fd\u00adra\u00adgy\u0148 gym\u00adma\u00adty\u00bb at\u00adly film g\u00f6r\u00adke\u00adzil\u00addi. T\u00fcrk\u00adme\u00adni\u0148 se\u00ad\u00fdis\u00ad\u00e7i\u00adlik sun\u00adga\u00adty\u00adny a\u00e7yp g\u00f6r\u00adkez\u00ad\u00fd\u00e4n fil\u00admi\u0148 go\u00ad\u00fdu\u00adjy re\u00ad\u017eiss\u00ad\u00fdo\u00adry We\u00adpa I\u015fan\u00adgu\u00adly\u00ad\u00fdew. Film\u00adde ta\u00adny\u00admal ar\u00adtist\u00adler \u00d6wez\u00adgu\u00adly Ge\u00adle\u00adnow, Ada Gut\u00adly\u00ad\u00fdew, An\u00adna\u00admu\u00adham\u00admet Gur\u00adba\u00adnow, Aman\u00adgy\u00adly\u00e7 \u015ear\u00adly\u00ad\u00fdew, Be\u00adgen\u00e7 Gar\u00adly\u00ad\u00fdew \u00fda\u00adly sun\u00adgat us\u00adsat\u00adla\u00adry su\u00adra\u00adta d\u00fc\u015f\u00add\u00fc\u00adler. Fil\u00admi\u0148 kom\u00adpo\u00adzi\u00adto\u00adry \u015eat\u00adlyk Aman\u00adne\u00adpe\u00adsow, go\u00ad\u00fdu\u00adjy su\u00adrat\u00adke\u015f Ah\u00admet Oraz\u00admu\u00adham\u00adme\u00addow we ki\u00adno\u00adre\u00ad\u017eiss\u00ad\u00fdor Eziz I\u015fan\u00adgu\u00adly\u00ad\u00fdew.<\/p>\n<p><img decoding=\"async\" loading=\"lazy\" class=\"alignleft wp-image-69176 size-medium\" src=\"https:\/\/zamanturkmenistan.com.tm\/wp-content\/uploads\/2022\/12\/uly-bayragyn-sylagy-turkmen-film-5X2A8509-300x189.jpg\" alt=\"\" width=\"300\" height=\"189\" srcset=\"https:\/\/zamanturkmenistan.com.tm\/wp-content\/uploads\/2022\/12\/uly-bayragyn-sylagy-turkmen-film-5X2A8509-300x189.jpg 300w, https:\/\/zamanturkmenistan.com.tm\/wp-content\/uploads\/2022\/12\/uly-bayragyn-sylagy-turkmen-film-5X2A8509-768x483.jpg 768w, https:\/\/zamanturkmenistan.com.tm\/wp-content\/uploads\/2022\/12\/uly-bayragyn-sylagy-turkmen-film-5X2A8509-696x438.jpg 696w, https:\/\/zamanturkmenistan.com.tm\/wp-content\/uploads\/2022\/12\/uly-bayragyn-sylagy-turkmen-film-5X2A8509-668x420.jpg 668w, https:\/\/zamanturkmenistan.com.tm\/wp-content\/uploads\/2022\/12\/uly-bayragyn-sylagy-turkmen-film-5X2A8509.jpg 800w\" sizes=\"(max-width: 300px) 100vw, 300px\" \/><\/p>\n<p>8-nji de\u00adkabr\u00adda ki\u00adno mu\u015f\u00addak\u00adla\u00adry\u00adna \u00abYn\u00adsan syr\u00adda\u00ad\u015fy\u00bb film g\u00f6r\u00adke\u00adzi\u00adler. Fil\u00admi re\u00ad\u017eiss\u00ad\u00fdor Zul\u00adfi\u00ad\u00fda Ka\u00addy\u00adro\u00adwa su\u00adra\u00adta d\u00fc\u00ad\u015f\u00fc\u00adrip\u00addir.<br \/>\n\u015ee\u00fd\u00adle hem a\u00fdy\u0148 9-na re\u00ad\u017eiss\u00ad\u00fdor Is\u00adgen\u00adder\u00admu\u00adham\u00admet An\u00adna\u00admu\u00adham\u00adme\u00addo\u00adwy\u0148 su\u00adra\u00adta d\u00fc\u00ad\u015f\u00fc\u00adren \u00abBa\u00adky\u015f\u00bb fil\u00admi g\u00f6r\u00adke\u00adzi\u00adler.<\/p>\n","protected":false},"excerpt":{"rendered":"<p>Pa\u00fd\u00adtag\u00adty\u00admyz\u00adda\u00adky \u00abA\u015f\u00adga\u00adbat\u00bb ki\u00adno\u00adte\u00adat\u00adryn\u00adda Oguz han adyn\u00adda\u00adky \u00abT\u00fcrk\u00admen\u00adfilm\u00bb bir\u00adle\u00ad\u015fi\u00adgi ta\u00adra\u00adpyn\u00addan su\u00adra\u00adta d\u00fc\u00ad\u015f\u00fc\u00adri\u00adlen t\u00e4\u00adze film\u00adle\u00adri\u0148 g\u00f6r\u00adke\u00adzi\u00adli\u00ad\u015fi gu\u00adral\u00ad\u00fdar. \u015eu g\u00fcn, 7-nji de\u00adkabr\u00adda \u00abUly ba\u00fd\u00adra\u00adgy\u0148 gym\u00adma\u00adty\u00bb at\u00adly film g\u00f6r\u00adke\u00adzil\u00addi. T\u00fcrk\u00adme\u00adni\u0148 se\u00ad\u00fdis\u00ad\u00e7i\u00adlik sun\u00adga\u00adty\u00adny a\u00e7yp g\u00f6r\u00adkez\u00ad\u00fd\u00e4n fil\u00admi\u0148 go\u00ad\u00fdu\u00adjy re\u00ad\u017eiss\u00ad\u00fdo\u00adry We\u00adpa I\u015fan\u00adgu\u00adly\u00ad\u00fdew. Film\u00adde ta\u00adny\u00admal ar\u00adtist\u00adler \u00d6wez\u00adgu\u00adly Ge\u00adle\u00adnow, Ada Gut\u00adly\u00ad\u00fdew, An\u00adna\u00admu\u00adham\u00admet Gur\u00adba\u00adnow, Aman\u00adgy\u00adly\u00e7 \u015ear\u00adly\u00ad\u00fdew, Be\u00adgen\u00e7 Gar\u00adly\u00ad\u00fdew \u00fda\u00adly sun\u00adgat us\u00adsat\u00adla\u00adry su\u00adra\u00adta d\u00fc\u015f\u00add\u00fc\u00adler. Fil\u00admi\u0148 kom\u00adpo\u00adzi\u00adto\u00adry [&hellip;]<\/p>\n","protected":false},"author":2,"featured_media":69173,"comment_status":"open","ping_status":"closed","sticky":false,"template":"","format":"standard","meta":{"footnotes":""},"categories":[12],"tags":[],"acf":[],"_links":{"self":[{"href":"https:\/\/zamanturkmenistan.com.tm\/index.php?rest_route=\/wp\/v2\/posts\/69172"}],"collection":[{"href":"https:\/\/zamanturkmenistan.com.tm\/index.php?rest_route=\/wp\/v2\/posts"}],"about":[{"href":"https:\/\/zamanturkmenistan.com.tm\/index.php?rest_route=\/wp\/v2\/types\/post"}],"author":[{"embeddable":true,"href":"https:\/\/zamanturkmenistan.com.tm\/index.php?rest_route=\/wp\/v2\/users\/2"}],"replies":[{"embeddable":true,"href":"https:\/\/zamanturkmenistan.com.tm\/index.php?rest_route=%2Fwp%2Fv2%2Fcomments&post=69172"}],"version-history":[{"count":4,"href":"https:\/\/zamanturkmenistan.com.tm\/index.php?rest_route=\/wp\/v2\/posts\/69172\/revisions"}],"predecessor-version":[{"id":69179,"href":"https:\/\/zamanturkmenistan.com.tm\/index.php?rest_route=\/wp\/v2\/posts\/69172\/revisions\/69179"}],"wp:featuredmedia":[{"embeddable":true,"href":"https:\/\/zamanturkmenistan.com.tm\/index.php?rest_route=\/wp\/v2\/media\/69173"}],"wp:attachment":[{"href":"https:\/\/zamanturkmenistan.com.tm\/index.php?rest_route=%2Fwp%2Fv2%2Fmedia&parent=69172"}],"wp:term":[{"taxonomy":"category","embeddable":true,"href":"https:\/\/zamanturkmenistan.com.tm\/index.php?rest_route=%2Fwp%2Fv2%2Fcategories&post=69172"},{"taxonomy":"post_tag","embeddable":true,"href":"https:\/\/zamanturkmenistan.com.tm\/index.php?rest_route=%2Fwp%2Fv2%2Ftags&post=69172"}],"curies":[{"name":"wp","href":"https:\/\/api.w.org\/{rel}","templated":true}]}}