{"id":69180,"date":"2022-12-07T17:44:25","date_gmt":"2022-12-07T12:44:25","guid":{"rendered":"https:\/\/zamanturkmenistan.com.tm\/?p=69180"},"modified":"2022-12-07T17:45:01","modified_gmt":"2022-12-07T12:45:01","slug":"69180","status":"publish","type":"post","link":"https:\/\/zamanturkmenistan.com.tm\/?p=69180","title":{"rendered":"Bakuda t\u00fcrkmen-azerba\u00fdjan hyzmatda\u015flygyny berkitmegi\u0148 meseleleri ara alnyp maslahatla\u015fyldy"},"content":{"rendered":"<p>5-nji dekabrda T\u00fcrkmenistany\u0148 Ministrler Kabinetini\u0148 Ba\u015flygyny\u0148 Orunbasary, Da\u015fary i\u015fler ministri Ra\u015fid Meredow Azerba\u00fdjana i\u015f sapary bilen bardy.<\/p>\n<p>Sapary\u0148 \u00e7\u00e4klerinde T\u00fcrkmenistany\u0148 Wise-prem\u00fderi, Da\u015fary i\u015fler ministri Azerba\u00fdjan Respublikasyny\u0148 Prezidenti Ylham Ali\u00fdew tarapyndan kabul edildi.<\/p>\n<p>Du\u015fu\u015fygy\u0148 dowamynda Ra\u015fid Meredow azerba\u00fdjan liderine T\u00fcrkmenistany\u0148 Prezidenti Serdar Berdimuhamedowy\u0148 hem-de \u00fdurdumyzy\u0148 Milli Ge\u0148e\u015fini\u0148 Halk Maslahatyny\u0148 Ba\u015flygy Gurbanguly Berdimuhamedowy\u0148 adyndan gyzgyn salamlaryny \u00fdetirdi.<\/p>\n<p>Prezident Ylham Ali\u00fdew salamlary \u00fc\u00e7in minnetdarlyk bildirdi hem-de \u00f6z gezeginde T\u00fcrkmenistany\u0148 Prezidenti Serdar Berdimuhamedowy\u0148 hem-de \u00fdurdumyzy\u0148 Milli Ge\u0148e\u015fini\u0148 Halk Maslahatyny\u0148 Ba\u015flygy Gurbanguly Berdimuhamedowy\u0148 adyna \u00f6z salamalaryny we i\u0148 gowy arzuwlaryny \u00fdetirmegi ha\u00fdy\u015f etdi.<\/p>\n<p>S\u00f6hbetde\u015fligi\u0148 bar\u015fynda iki \u00fdurdu\u0148 arasyndaky dostlukly we doganlyk gatna\u015fyklary d\u00fcrli ugurlarda, \u015fol sanda s\u00f6wda-ykdysady, ulag we medeni-ynsanperwer ugurlarda \u00fcst\u00fcnlikli \u00f6sd\u00fcril\u00fd\u00e4ndigi barada bellenildi. \u015ee\u00fdle hem hyzmatda\u015flygy\u0148 geljekki m\u00fcmkin\u00e7ilikleri barada pikir al\u015fyldy.<\/p>\n<p>Prezident Ylham Ali\u00fdewi\u0148 2022-nji \u00fdyly\u0148 i\u00fdunynda Hazar\u00fdaka d\u00f6wletlerini\u0148 altynjy Sammitine gatna\u015fmak \u00fc\u00e7in A\u015fgabada saparyny\u0148 we sapary\u0148 \u00e7\u00e4klerinde T\u00fcrkmenistany\u0148 Prezidenti we Milli Ge\u0148e\u015fini\u0148 Halk Maslahatyny\u0148 Ba\u015flygy bilen ikitarapla\u00fdyn gatna\u015fyklary\u0148 \u00f6sd\u00fcrilmegi ugrunda ge\u00e7irilen du\u015fu\u015fyklary\u0148 \u00e4hmi\u00fdeti barada nygtaldy.<\/p>\n<p>\u015eol g\u00fcn T\u00fcrkmenistany\u0148 Wise-prem\u00fderi, Da\u015fary i\u015fler ministri Ra\u015fid Meredow Azerba\u00fdjany\u0148 Ykdysady\u00fdet ministri Mikail Jabbarow bilen du\u015fu\u015fdy.<\/p>\n<p>T\u00fcrkmenistany\u0148 da\u015fary sy\u00fdasat edarasyny\u0148 \u00fdolba\u015f\u00e7ysy 2022-nji \u00fdyly\u0148 14-nji dekabrynda \u201cAwaza\u201d Milli sy\u00fdahat\u00e7ylyk zolagynda T\u00fcrkmenistan-Azerba\u00fdjan-T\u00fcrki\u00fde formatynda d\u00f6wlet ba\u015ftutanlaryny\u0148 ilkinji \u00fc\u00e7tarapla\u00fdyn sammiti ge\u00e7iriler, di\u00fdip a\u00fdtdy. Onu\u0148 \u00f6\u0148\u00fcsyrasynda 13-nji dekabrda 3 sany ugurda\u015f ministrleri\u0148 du\u015fu\u015fyklary\u0148: da\u015fary i\u015fler ministrlerini\u0148, ulag ministrlerini\u0148 hem-de energetika ministrlerini\u0148 \u00fc\u00e7tarapla\u00fdyn du\u015fu\u015fyklaryny\u0148 ge\u00e7iriljekdigini nygtady.<\/p>\n<p>\u015ee\u00fdle hem 2022-nji \u00fdyly\u0148 11-nji dekabrynda A\u015fgabatda \u201cDialog \u2013 parahat\u00e7ylygy\u0148 kepili\u201d atly Halkara maslahaty\u0148 ge\u00e7iril\u00fd\u00e4ndigi bellenildi. T\u00fcrkmen tarapy azerba\u00fdjan tarapyny\u0148 \u00fdokary derejede gatna\u015fmagyna gara\u015f\u00fdar.<\/p>\n<p>2021-nji \u00fdyly\u0148 \u00fdanwarynda Hazar de\u0148zind\u00e4ki \u00abDostluk\u00bb \u00fdatagyny\u0148 uglewodorod seri\u015fdelerini bilelikde g\u00f6zlemek, ga\u00fdtadan i\u015flemek we \u00f6zle\u015fdirmek hakynda T\u00fcrkmenistany\u0148 H\u00f6k\u00fcmetini\u0148 we Azerba\u00fdjan Respublikasyny\u0148 H\u00f6k\u00fcmetini\u0148 arasynda \u00d6zara d\u00fc\u015f\u00fcni\u015fmek hakynda \u00c4htnama gol \u00e7ekildi. Bu resminamany\u0148 ilerledilmegi \u00fc\u00e7in degi\u015fli h\u00f6k\u00fcmetara ylala\u015fygyny ta\u00fd\u00fdarlamak bo\u00fdun\u00e7a i\u015f\u00e7i toparlaryny\u0148 derejesinde ikitarapla\u00fdyn maslahatla\u015fmalar dowam etdiril\u00fd\u00e4ndigi bellenildi.<\/p>\n","protected":false},"excerpt":{"rendered":"<p>5-nji dekabrda T\u00fcrkmenistany\u0148 Ministrler Kabinetini\u0148 Ba\u015flygyny\u0148 Orunbasary, Da\u015fary i\u015fler ministri Ra\u015fid Meredow Azerba\u00fdjana i\u015f sapary bilen bardy. Sapary\u0148 \u00e7\u00e4klerinde T\u00fcrkmenistany\u0148 Wise-prem\u00fderi, Da\u015fary i\u015fler ministri Azerba\u00fdjan Respublikasyny\u0148 Prezidenti Ylham Ali\u00fdew tarapyndan kabul edildi. Du\u015fu\u015fygy\u0148 dowamynda Ra\u015fid Meredow azerba\u00fdjan liderine T\u00fcrkmenistany\u0148 Prezidenti Serdar Berdimuhamedowy\u0148 hem-de \u00fdurdumyzy\u0148 Milli Ge\u0148e\u015fini\u0148 Halk Maslahatyny\u0148 Ba\u015flygy Gurbanguly Berdimuhamedowy\u0148 adyndan gyzgyn salamlaryny \u00fdetirdi. [&hellip;]<\/p>\n","protected":false},"author":2,"featured_media":69181,"comment_status":"open","ping_status":"closed","sticky":false,"template":"","format":"standard","meta":{"footnotes":""},"categories":[3],"tags":[],"acf":[],"_links":{"self":[{"href":"https:\/\/zamanturkmenistan.com.tm\/index.php?rest_route=\/wp\/v2\/posts\/69180"}],"collection":[{"href":"https:\/\/zamanturkmenistan.com.tm\/index.php?rest_route=\/wp\/v2\/posts"}],"about":[{"href":"https:\/\/zamanturkmenistan.com.tm\/index.php?rest_route=\/wp\/v2\/types\/post"}],"author":[{"embeddable":true,"href":"https:\/\/zamanturkmenistan.com.tm\/index.php?rest_route=\/wp\/v2\/users\/2"}],"replies":[{"embeddable":true,"href":"https:\/\/zamanturkmenistan.com.tm\/index.php?rest_route=%2Fwp%2Fv2%2Fcomments&post=69180"}],"version-history":[{"count":2,"href":"https:\/\/zamanturkmenistan.com.tm\/index.php?rest_route=\/wp\/v2\/posts\/69180\/revisions"}],"predecessor-version":[{"id":69183,"href":"https:\/\/zamanturkmenistan.com.tm\/index.php?rest_route=\/wp\/v2\/posts\/69180\/revisions\/69183"}],"wp:featuredmedia":[{"embeddable":true,"href":"https:\/\/zamanturkmenistan.com.tm\/index.php?rest_route=\/wp\/v2\/media\/69181"}],"wp:attachment":[{"href":"https:\/\/zamanturkmenistan.com.tm\/index.php?rest_route=%2Fwp%2Fv2%2Fmedia&parent=69180"}],"wp:term":[{"taxonomy":"category","embeddable":true,"href":"https:\/\/zamanturkmenistan.com.tm\/index.php?rest_route=%2Fwp%2Fv2%2Fcategories&post=69180"},{"taxonomy":"post_tag","embeddable":true,"href":"https:\/\/zamanturkmenistan.com.tm\/index.php?rest_route=%2Fwp%2Fv2%2Ftags&post=69180"}],"curies":[{"name":"wp","href":"https:\/\/api.w.org\/{rel}","templated":true}]}}