{"id":69190,"date":"2022-12-08T10:10:42","date_gmt":"2022-12-08T05:10:42","guid":{"rendered":"https:\/\/zamanturkmenistan.com.tm\/?p=69190"},"modified":"2022-12-08T10:36:43","modified_gmt":"2022-12-08T05:36:43","slug":"sweysariyanyn-parlamenti-taze-prezident-saylady","status":"publish","type":"post","link":"https:\/\/zamanturkmenistan.com.tm\/?p=69190","title":{"rendered":"\u015ewe\u00fdsari\u00fdany\u0148 parlamenti t\u00e4ze Prezident sa\u00fdlady"},"content":{"rendered":"<p>7-nji dekabrda \u015ewe\u00fdsari\u00fdany\u0148 parlamenti Sosialistik parti\u00fdany\u0148 agzasy we d\u00f6wleti\u0148 \u00f6\u0148ki lideri Alen Berseni \u00fdurdu\u0148 t\u00e4ze Prezidenti wezipesine sa\u00fdlady. Bellenili\u015fi \u00fdaly, ses beri\u015flik federal \u00fdygnagy\u0148 web sahypasynda onla\u00fdn \u00fdagda\u00fdda ge\u00e7irildi. Berse 140 deputaty\u0148 we senatory\u0148 goldawyna e\u00fde boldy. \u015eol bir wagty\u0148 \u00f6z\u00fcnde, bu wezip\u00e4 sa\u00fdlanmak \u00fc\u00e7in 91 ses zerur hasap edildi.<\/p>\n<p>Berse Prezident In\u00fdasio Kassisany\u0148 ornuna ge\u00e7er. Sy\u00fdasat\u00e7y d\u00f6rt \u00fdyl ozal Prezidenti\u0148 wezipesini \u00fderine \u00fdetiripdi. \u015ewe\u00fdsari\u00fdada d\u00f6wlet lideri parlamentde ses bermek arkaly sa\u00fdlan\u00fdar. Kanuna g\u00f6r\u00e4, Prezident bir \u00fdyldan k\u00f6p i\u015fleme\u00fd\u00e4r. Mundan ba\u015fga-da, \u015ewe\u00fdsari\u00fdany\u0148 ra\u00fdatlygy bolmaly we Kabinetde ara\u00e7y h\u00f6km\u00fcnde \u00e7yky\u015f etmeli.<\/p>\n<p>Alen Berse 1972-nji \u00fdyly\u0148 9-njy aprelinde \u015ewe\u00fdsari\u00fdany\u0148 Fribur \u015f\u00e4herinde d\u00fcn\u00fd\u00e4 indi. \u015ewe\u00fdsari\u00fdaly sy\u00fdasat\u00e7y Sosial-demokratik parti\u00fdasyny\u0148 agzasydyr. Ol 2012-nji \u00fdyly\u0148 1-nji \u00fdanwaryndan \u015ewe\u00fdsari\u00fdany\u0148 Federal Ge\u0148e\u015fini\u0148 agzasy we i\u00e7eri i\u015fler ministri bolup i\u015fledi. 2018-nji \u00fdyly\u0148 1-nji \u00fdanwaryndan 31-nji dekabry aralygynda \u015ewe\u00fdsari\u00fdany\u0148 Prezidenti. 2022-nji \u00fdylda \u015ewe\u00fdsari\u00fdany\u0148 wise-prezidenti sa\u00fdlandy. Ondan \u00f6\u0148 bu wezip\u00e4ni 2017-nji \u00fdylda alyp bardy.<\/p>\n","protected":false},"excerpt":{"rendered":"<p>7-nji dekabrda \u015ewe\u00fdsari\u00fdany\u0148 parlamenti Sosialistik parti\u00fdany\u0148 agzasy we d\u00f6wleti\u0148 \u00f6\u0148ki lideri Alen Berseni \u00fdurdu\u0148 t\u00e4ze Prezidenti wezipesine sa\u00fdlady. Bellenili\u015fi \u00fdaly, ses beri\u015flik federal \u00fdygnagy\u0148 web sahypasynda onla\u00fdn \u00fdagda\u00fdda ge\u00e7irildi. Berse 140 deputaty\u0148 we senatory\u0148 goldawyna e\u00fde boldy. \u015eol bir wagty\u0148 \u00f6z\u00fcnde, bu wezip\u00e4 sa\u00fdlanmak \u00fc\u00e7in 91 ses zerur hasap edildi. Berse Prezident In\u00fdasio Kassisany\u0148 ornuna [&hellip;]<\/p>\n","protected":false},"author":2,"featured_media":69201,"comment_status":"open","ping_status":"closed","sticky":false,"template":"","format":"standard","meta":{"footnotes":""},"categories":[5],"tags":[],"acf":[],"_links":{"self":[{"href":"https:\/\/zamanturkmenistan.com.tm\/index.php?rest_route=\/wp\/v2\/posts\/69190"}],"collection":[{"href":"https:\/\/zamanturkmenistan.com.tm\/index.php?rest_route=\/wp\/v2\/posts"}],"about":[{"href":"https:\/\/zamanturkmenistan.com.tm\/index.php?rest_route=\/wp\/v2\/types\/post"}],"author":[{"embeddable":true,"href":"https:\/\/zamanturkmenistan.com.tm\/index.php?rest_route=\/wp\/v2\/users\/2"}],"replies":[{"embeddable":true,"href":"https:\/\/zamanturkmenistan.com.tm\/index.php?rest_route=%2Fwp%2Fv2%2Fcomments&post=69190"}],"version-history":[{"count":1,"href":"https:\/\/zamanturkmenistan.com.tm\/index.php?rest_route=\/wp\/v2\/posts\/69190\/revisions"}],"predecessor-version":[{"id":69192,"href":"https:\/\/zamanturkmenistan.com.tm\/index.php?rest_route=\/wp\/v2\/posts\/69190\/revisions\/69192"}],"wp:featuredmedia":[{"embeddable":true,"href":"https:\/\/zamanturkmenistan.com.tm\/index.php?rest_route=\/wp\/v2\/media\/69201"}],"wp:attachment":[{"href":"https:\/\/zamanturkmenistan.com.tm\/index.php?rest_route=%2Fwp%2Fv2%2Fmedia&parent=69190"}],"wp:term":[{"taxonomy":"category","embeddable":true,"href":"https:\/\/zamanturkmenistan.com.tm\/index.php?rest_route=%2Fwp%2Fv2%2Fcategories&post=69190"},{"taxonomy":"post_tag","embeddable":true,"href":"https:\/\/zamanturkmenistan.com.tm\/index.php?rest_route=%2Fwp%2Fv2%2Ftags&post=69190"}],"curies":[{"name":"wp","href":"https:\/\/api.w.org\/{rel}","templated":true}]}}