{"id":69223,"date":"2022-12-08T17:00:08","date_gmt":"2022-12-08T12:00:08","guid":{"rendered":"https:\/\/zamanturkmenistan.com.tm\/?p=69223"},"modified":"2022-12-08T17:00:08","modified_gmt":"2022-12-08T12:00:08","slug":"turkmenistanda-sierra-leone-respublikasynyn-adatdan-dasary-we-doly-ygtyyarly-ilcisi-ise-baslady","status":"publish","type":"post","link":"https:\/\/zamanturkmenistan.com.tm\/?p=69223","title":{"rendered":"T\u00fcrkmenistanda Sierra-Leone Respublikasyny\u0148 Adatdan da\u015fary we Doly ygty\u00fdarly il\u00e7isi i\u015fe ba\u015flady"},"content":{"rendered":"<p>7-nji dekabrynda hormatly Prezidentimiz Serdar Berdimuhamedowy\u0148 tab\u015fyrygy bo\u00fdun\u00e7a Milli Ge\u0148e\u015fi\u0148 Mejlisini\u0148 Ba\u015flygy G.M\u00e4mmedowa Sierra-Leone Respublikasyny\u0148 T\u00fcrkmenistanda t\u00e4ze bellenen Adatdan da\u015fary we Doly ygty\u00fdarly Il\u00e7isi (otur\u00fdan \u00fderi T\u00e4hran \u015f\u00e4heri) Alie Badara Kamaradan ynan\u00e7 hatyny kabul etdi.<\/p>\n<p>D\u00f6wlet Ba\u015ftutanymyzy\u0148 adyndan milli parlamenti\u0148 \u00fdolba\u015f\u00e7ysy myhmany jogapk\u00e4rli diplomatik wezip\u00e4 bellenilmegi bilen gutlady we o\u0148a iki \u00fdurdu\u0148 arasyndaky dostlukly gatna\u015fyklary pugtalandyrmakda uly \u00fcst\u00fcnlikleri arzuw etdi.<\/p>\n<p>Diplomat t\u00fcrkmen topragynda m\u00e4hirli gar\u015fylanandygy \u00fc\u00e7in ho\u015fallyk bildirip, \u00f6z \u00fdurduny\u0148 \u00fdolba\u015f\u00e7ylaryny\u0148 adyndan hormatly Prezidentimiz Serdar Berdimuhamedowa i\u0148 gowy arzuwlaryny be\u00fdan etdi we ikitarapla\u00fdyn gatna\u015fyklary pugtalandyrmaga hemmetarapla\u00fdyn \u00fdardam etm\u00e4ge ta\u00fd\u00fdardygyny tassyklady.<\/p>\n<p>S\u00f6hbetde\u015fligi\u0148 bar\u015fynda diplomata Gara\u015fsyz, baky Bitarap T\u00fcrkmenistany\u0148 da\u015fary sy\u00fdasatyny\u0148 ileri tutul\u00fdan ugurlary barada jikme-jik g\u00fcrr\u00fc\u0148 berildi. Gi\u0148 halkara hyzmatda\u015flyk, \u015fol sanda Afrikany\u0148 d\u00f6wletleri bilen gatna\u015fyklary \u00f6sd\u00fcrmek \u015fol sy\u00fdasaty\u0148 m\u00f6h\u00fcm ugurlaryny\u0148 biri bolup dur\u00fdar.<\/p>\n<p>Parlamentara gatna\u015fyklar, \u015fol sanda halkara me\u00fddan\u00e7alarda \u2014 abra\u00fdly guramalary\u0148 we d\u00fcz\u00fcmleri\u0148 \u00e7\u00e4klerinde hyzmatda\u015flygy mundan be\u00fdl\u00e4k-de \u00f6sd\u00fcrmek bo\u00fdun\u00e7a pikir al\u015fyldy. Il\u00e7\u00e4 T\u00fcrkmenistany\u0148 Milli Ge\u0148e\u015fini\u0148 Mejlisini\u0148 kanun \u00e7ykaryjylyk i\u015fi barada gi\u0148i\u015fle\u00fdin g\u00fcrr\u00fc\u0148 berildi.<\/p>\n<p>\u015ee\u00fdle hem s\u00f6wda-ykdysady we i\u015few\u00fcr gatna\u015fyklary\u0148 derejesinde hyzmatda\u015flygy pugtalandyrmak, medeni-ynsanperwer gatna\u015fyklary i\u015fje\u0148le\u015fdirmek, ylym-bilim, sport, sy\u00fdahat\u00e7ylyk ulgamlarynda hyzmatda\u015flygy \u00f6sd\u00fcrmek meselelerine a\u00fdratyn \u00fcns berildi.<\/p>\n<p>Sierra-Leone Respublikasyny\u0148 T\u00fcrkmenistandaky Adatdan da\u015fary we Doly ygty\u00fdarly il\u00e7isi Alie Badara Kamara iki \u00fdurdu\u0148 we dostlukly halklary\u0148 b\u00e4hbitlerine doly la\u00fdyk gel\u00fd\u00e4n netijeli gatna\u015fyklary\u0148 mundan be\u00fdl\u00e4k-de \u00f6sd\u00fcriljekdigine ynam bildirdi.<\/p>\n<p>G\u00fcn\u00fc\u0148 birinji \u00fdarymynda T\u00fcrkmenistany\u0148 Da\u015fary i\u015fler ministrliginde hem Sierra-Leone Respublikasyny\u0148 T\u00fcrkmenistanda t\u00e4ze bellenen Adatdan da\u015fary we Doly ygty\u00fdarly Il\u00e7isi (otur\u00fdan \u00fderi T\u00e4hran \u015f\u00e4heri) Alie Badara Kamara bilen du\u015fu\u015fyk ge\u00e7irildi.<\/p>\n<p>Du\u015fu\u015fygy\u0148 ba\u015fynda Sierra-Leone Respublikasyny\u0148 Il\u00e7isi \u00f6z ynan\u00e7 hatlaryny\u0148 nusgasyny gow\u015furdy. So\u0148ra taraplar iki \u00fdurdu\u0148 arasynda dostlukly gatna\u015fyklary hem-de sy\u00fdasy, s\u00f6wda-ykdysady we medeni ulgamlarda hyzmatda\u015flygy \u00f6sd\u00fcrmek babatynda pikir aly\u015fdylar.<\/p>\n","protected":false},"excerpt":{"rendered":"<p>7-nji dekabrynda hormatly Prezidentimiz Serdar Berdimuhamedowy\u0148 tab\u015fyrygy bo\u00fdun\u00e7a Milli Ge\u0148e\u015fi\u0148 Mejlisini\u0148 Ba\u015flygy G.M\u00e4mmedowa Sierra-Leone Respublikasyny\u0148 T\u00fcrkmenistanda t\u00e4ze bellenen Adatdan da\u015fary we Doly ygty\u00fdarly Il\u00e7isi (otur\u00fdan \u00fderi T\u00e4hran \u015f\u00e4heri) Alie Badara Kamaradan ynan\u00e7 hatyny kabul etdi. D\u00f6wlet Ba\u015ftutanymyzy\u0148 adyndan milli parlamenti\u0148 \u00fdolba\u015f\u00e7ysy myhmany jogapk\u00e4rli diplomatik wezip\u00e4 bellenilmegi bilen gutlady we o\u0148a iki \u00fdurdu\u0148 arasyndaky dostlukly gatna\u015fyklary [&hellip;]<\/p>\n","protected":false},"author":2,"featured_media":69224,"comment_status":"open","ping_status":"closed","sticky":false,"template":"","format":"standard","meta":{"footnotes":""},"categories":[3],"tags":[],"acf":[],"_links":{"self":[{"href":"https:\/\/zamanturkmenistan.com.tm\/index.php?rest_route=\/wp\/v2\/posts\/69223"}],"collection":[{"href":"https:\/\/zamanturkmenistan.com.tm\/index.php?rest_route=\/wp\/v2\/posts"}],"about":[{"href":"https:\/\/zamanturkmenistan.com.tm\/index.php?rest_route=\/wp\/v2\/types\/post"}],"author":[{"embeddable":true,"href":"https:\/\/zamanturkmenistan.com.tm\/index.php?rest_route=\/wp\/v2\/users\/2"}],"replies":[{"embeddable":true,"href":"https:\/\/zamanturkmenistan.com.tm\/index.php?rest_route=%2Fwp%2Fv2%2Fcomments&post=69223"}],"version-history":[{"count":1,"href":"https:\/\/zamanturkmenistan.com.tm\/index.php?rest_route=\/wp\/v2\/posts\/69223\/revisions"}],"predecessor-version":[{"id":69226,"href":"https:\/\/zamanturkmenistan.com.tm\/index.php?rest_route=\/wp\/v2\/posts\/69223\/revisions\/69226"}],"wp:featuredmedia":[{"embeddable":true,"href":"https:\/\/zamanturkmenistan.com.tm\/index.php?rest_route=\/wp\/v2\/media\/69224"}],"wp:attachment":[{"href":"https:\/\/zamanturkmenistan.com.tm\/index.php?rest_route=%2Fwp%2Fv2%2Fmedia&parent=69223"}],"wp:term":[{"taxonomy":"category","embeddable":true,"href":"https:\/\/zamanturkmenistan.com.tm\/index.php?rest_route=%2Fwp%2Fv2%2Fcategories&post=69223"},{"taxonomy":"post_tag","embeddable":true,"href":"https:\/\/zamanturkmenistan.com.tm\/index.php?rest_route=%2Fwp%2Fv2%2Ftags&post=69223"}],"curies":[{"name":"wp","href":"https:\/\/api.w.org\/{rel}","templated":true}]}}