{"id":69321,"date":"2022-12-10T11:51:23","date_gmt":"2022-12-10T06:51:23","guid":{"rendered":"https:\/\/zamanturkmenistan.com.tm\/?p=69321"},"modified":"2022-12-10T11:52:37","modified_gmt":"2022-12-10T06:52:37","slug":"rasid-meredow-yokary-dowlet-sylagy-bilen-sylaglandy","status":"publish","type":"post","link":"https:\/\/zamanturkmenistan.com.tm\/?p=69321","title":{"rendered":"Ra\u015fid Meredow \u00fdokary d\u00f6wlet sylagy bilen sylaglandy"},"content":{"rendered":"<p>T\u00fcrkmenistany\u0148 Prezidentini\u0148 karary bilen, wise-prem\u00fder, da\u015fary i\u015fler ministri Ra\u015fid Meredow \u201cT\u00fcrkmenistany\u0148 ussat diplomaty\u201d di\u00fden tapawutlandyry\u015f ny\u015fany bilen sylaglanyldy.<\/p>\n<p>9-njy dekabrda ge\u00e7irilen gi\u0148i\u015fle\u00fdin H\u00f6k\u00fcmet mejlisini\u0148 bar\u015fynda Prezident Serdar Berdimuhamedow wise-prem\u00fder R.Meredowy\u0148 k\u00f6p \u00fdyllardan b\u00e4ri T\u00fcrkmenistany\u0148 Da\u015fary i\u015fler ministrligine \u00fdolba\u015f\u00e7ylyk edip gel\u00fd\u00e4ndigini, onu\u0148 Gara\u015fsyz, Bitarap d\u00f6wletimizi\u0148 da\u015fary sy\u00fdasatyny k\u00e4mille\u015fdirmekde, d\u00fcn\u00fd\u00e4ni\u0148 d\u00fcrli \u00fdurtlary bilen d\u00f6wletimizi\u0148 dost-doganlyk gatna\u015fyklaryny \u00fdola go\u00fdmakda we \u00f6sd\u00fcrmekde uly i\u015fleri bitirendigini belledi.<\/p>\n<p>\u015eo\u0148a la\u00fdyklykda, Serdar Berdimuhamedow da\u015fary \u00fdurtlarda d\u00f6wletimizi\u0148 b\u00e4hbitlerini goramakda gazanan uly \u00fcst\u00fcnliklerini hem-de diplomatik gullugy ulgamynda k\u00f6p \u00fdyllary\u0148 dowamynda \u00e7eken z\u00e4hmetini nazara alyp, R.Meredowy \u201cT\u00fcrkmenistany\u0148 ussat diplomaty\u201d di\u00fden tapawutlandyry\u015f ny\u015fany bilen sylaglamak barada karara gelendigini tassyklap, bu baradaky resminama gol \u00e7ekdi.<\/p>\n","protected":false},"excerpt":{"rendered":"<p>T\u00fcrkmenistany\u0148 Prezidentini\u0148 karary bilen, wise-prem\u00fder, da\u015fary i\u015fler ministri Ra\u015fid Meredow \u201cT\u00fcrkmenistany\u0148 ussat diplomaty\u201d di\u00fden tapawutlandyry\u015f ny\u015fany bilen sylaglanyldy. 9-njy dekabrda ge\u00e7irilen gi\u0148i\u015fle\u00fdin H\u00f6k\u00fcmet mejlisini\u0148 bar\u015fynda Prezident Serdar Berdimuhamedow wise-prem\u00fder R.Meredowy\u0148 k\u00f6p \u00fdyllardan b\u00e4ri T\u00fcrkmenistany\u0148 Da\u015fary i\u015fler ministrligine \u00fdolba\u015f\u00e7ylyk edip gel\u00fd\u00e4ndigini, onu\u0148 Gara\u015fsyz, Bitarap d\u00f6wletimizi\u0148 da\u015fary sy\u00fdasatyny k\u00e4mille\u015fdirmekde, d\u00fcn\u00fd\u00e4ni\u0148 d\u00fcrli \u00fdurtlary bilen d\u00f6wletimizi\u0148 dost-doganlyk gatna\u015fyklaryny \u00fdola [&hellip;]<\/p>\n","protected":false},"author":2,"featured_media":69323,"comment_status":"open","ping_status":"closed","sticky":false,"template":"","format":"standard","meta":{"footnotes":""},"categories":[3],"tags":[],"acf":[],"_links":{"self":[{"href":"https:\/\/zamanturkmenistan.com.tm\/index.php?rest_route=\/wp\/v2\/posts\/69321"}],"collection":[{"href":"https:\/\/zamanturkmenistan.com.tm\/index.php?rest_route=\/wp\/v2\/posts"}],"about":[{"href":"https:\/\/zamanturkmenistan.com.tm\/index.php?rest_route=\/wp\/v2\/types\/post"}],"author":[{"embeddable":true,"href":"https:\/\/zamanturkmenistan.com.tm\/index.php?rest_route=\/wp\/v2\/users\/2"}],"replies":[{"embeddable":true,"href":"https:\/\/zamanturkmenistan.com.tm\/index.php?rest_route=%2Fwp%2Fv2%2Fcomments&post=69321"}],"version-history":[{"count":1,"href":"https:\/\/zamanturkmenistan.com.tm\/index.php?rest_route=\/wp\/v2\/posts\/69321\/revisions"}],"predecessor-version":[{"id":69322,"href":"https:\/\/zamanturkmenistan.com.tm\/index.php?rest_route=\/wp\/v2\/posts\/69321\/revisions\/69322"}],"wp:featuredmedia":[{"embeddable":true,"href":"https:\/\/zamanturkmenistan.com.tm\/index.php?rest_route=\/wp\/v2\/media\/69323"}],"wp:attachment":[{"href":"https:\/\/zamanturkmenistan.com.tm\/index.php?rest_route=%2Fwp%2Fv2%2Fmedia&parent=69321"}],"wp:term":[{"taxonomy":"category","embeddable":true,"href":"https:\/\/zamanturkmenistan.com.tm\/index.php?rest_route=%2Fwp%2Fv2%2Fcategories&post=69321"},{"taxonomy":"post_tag","embeddable":true,"href":"https:\/\/zamanturkmenistan.com.tm\/index.php?rest_route=%2Fwp%2Fv2%2Ftags&post=69321"}],"curies":[{"name":"wp","href":"https:\/\/api.w.org\/{rel}","templated":true}]}}