{"id":69327,"date":"2022-12-10T12:02:06","date_gmt":"2022-12-10T07:02:06","guid":{"rendered":"https:\/\/zamanturkmenistan.com.tm\/?p=69327"},"modified":"2022-12-10T12:02:06","modified_gmt":"2022-12-10T07:02:06","slug":"halkara-bitaraplyk-guni-mynasybetli-308-adamyn-gunasi-gecildi","status":"publish","type":"post","link":"https:\/\/zamanturkmenistan.com.tm\/?p=69327","title":{"rendered":"Halkara Bitaraplyk g\u00fcni mynasybetli 308 adamy\u0148 g\u00fcn\u00e4si ge\u00e7ildi"},"content":{"rendered":"<p>T\u00fcrkmenistany\u0148 Prezidenti Serdar Berdimuhamedow i\u015f kesilen 308 ra\u00fdaty\u0148 Halkara Bitaraplyk g\u00fcni mynasybetli g\u00fcn\u00e4sini ge\u00e7mek baradaky Permana gol \u00e7ekdi. Bu barada anna g\u00fcni \u201cWatan\u201d habarlar geple\u015figinde habar berildi.<\/p>\n<p>9-njy dekabrda ge\u00e7irilen Ministrler Kabinetini\u0148 gi\u0148i\u015fle\u00fdin mejlisinde T\u00fcrkmenistany\u0148 goranmak ministri, D\u00f6wlet howpsuzlyk ge\u0148e\u015fini\u0148 sekretary B.G\u00fcndogdy\u00fdew T\u00fcrkmenistany\u0148 Prezidentini\u0148 \u00fdanyndaky Ra\u00fdatlyk we g\u00fcn\u00e4 ge\u00e7mek meseleleri bo\u00fdun\u00e7a teklipleri ta\u00fd\u00fdarlamak baradaky topary\u0148 jena\u00fdat edendikleri \u00fc\u00e7in i\u015f kesilen ra\u00fdatlary\u0148 Halkara Bitaraplyk g\u00fcni mynasybetli g\u00fcn\u00e4sini ge\u00e7mek bo\u00fdun\u00e7a ge\u00e7irilen i\u015fler barada hasabat berdi.<\/p>\n<p>Serdar Berdimuhamedow B.G\u00fcndogdy\u00fdewe \u00fd\u00fczlenip, g\u00fcn\u00e4si ge\u00e7ilen adamlary tussaglykdan bo\u015fadyp, olary\u0148 \u00fdakyn wagtda \u00f6\u00fdlerine, ma\u015fgala agzalaryny\u0148 arasyna barar \u00fdaly, \u00e4hli zerur i\u015fleri ge\u00e7irmegi tab\u015fyrdy.<\/p>\n<p>D\u00f6wlet Ba\u015ftutanymyz g\u00fcn\u00e4si ge\u00e7ilen adamlara yhlasly z\u00e4hmet \u00e7ekip, \u00fdurdumyzda amala a\u015fyryl\u00fdan gi\u0148 gerimli i\u015flere go\u015fant go\u015fmaklaryny arzuw etdi.<\/p>\n","protected":false},"excerpt":{"rendered":"<p>T\u00fcrkmenistany\u0148 Prezidenti Serdar Berdimuhamedow i\u015f kesilen 308 ra\u00fdaty\u0148 Halkara Bitaraplyk g\u00fcni mynasybetli g\u00fcn\u00e4sini ge\u00e7mek baradaky Permana gol \u00e7ekdi. Bu barada anna g\u00fcni \u201cWatan\u201d habarlar geple\u015figinde habar berildi. 9-njy dekabrda ge\u00e7irilen Ministrler Kabinetini\u0148 gi\u0148i\u015fle\u00fdin mejlisinde T\u00fcrkmenistany\u0148 goranmak ministri, D\u00f6wlet howpsuzlyk ge\u0148e\u015fini\u0148 sekretary B.G\u00fcndogdy\u00fdew T\u00fcrkmenistany\u0148 Prezidentini\u0148 \u00fdanyndaky Ra\u00fdatlyk we g\u00fcn\u00e4 ge\u00e7mek meseleleri bo\u00fdun\u00e7a teklipleri ta\u00fd\u00fdarlamak baradaky topary\u0148 [&hellip;]<\/p>\n","protected":false},"author":2,"featured_media":67213,"comment_status":"open","ping_status":"closed","sticky":false,"template":"","format":"standard","meta":{"footnotes":""},"categories":[3],"tags":[],"acf":[],"_links":{"self":[{"href":"https:\/\/zamanturkmenistan.com.tm\/index.php?rest_route=\/wp\/v2\/posts\/69327"}],"collection":[{"href":"https:\/\/zamanturkmenistan.com.tm\/index.php?rest_route=\/wp\/v2\/posts"}],"about":[{"href":"https:\/\/zamanturkmenistan.com.tm\/index.php?rest_route=\/wp\/v2\/types\/post"}],"author":[{"embeddable":true,"href":"https:\/\/zamanturkmenistan.com.tm\/index.php?rest_route=\/wp\/v2\/users\/2"}],"replies":[{"embeddable":true,"href":"https:\/\/zamanturkmenistan.com.tm\/index.php?rest_route=%2Fwp%2Fv2%2Fcomments&post=69327"}],"version-history":[{"count":1,"href":"https:\/\/zamanturkmenistan.com.tm\/index.php?rest_route=\/wp\/v2\/posts\/69327\/revisions"}],"predecessor-version":[{"id":69328,"href":"https:\/\/zamanturkmenistan.com.tm\/index.php?rest_route=\/wp\/v2\/posts\/69327\/revisions\/69328"}],"wp:featuredmedia":[{"embeddable":true,"href":"https:\/\/zamanturkmenistan.com.tm\/index.php?rest_route=\/wp\/v2\/media\/67213"}],"wp:attachment":[{"href":"https:\/\/zamanturkmenistan.com.tm\/index.php?rest_route=%2Fwp%2Fv2%2Fmedia&parent=69327"}],"wp:term":[{"taxonomy":"category","embeddable":true,"href":"https:\/\/zamanturkmenistan.com.tm\/index.php?rest_route=%2Fwp%2Fv2%2Fcategories&post=69327"},{"taxonomy":"post_tag","embeddable":true,"href":"https:\/\/zamanturkmenistan.com.tm\/index.php?rest_route=%2Fwp%2Fv2%2Ftags&post=69327"}],"curies":[{"name":"wp","href":"https:\/\/api.w.org\/{rel}","templated":true}]}}