{"id":6980,"date":"2017-04-15T06:20:39","date_gmt":"2017-04-15T06:20:39","guid":{"rendered":"http:\/\/zamanturkmenistan.com\/?p=6980"},"modified":"2017-04-15T06:20:39","modified_gmt":"2017-04-15T06:20:39","slug":"te%c2%adle%c2%adwi%c2%adzor-onum%c2%adci%c2%adli%c2%adgi%c2%adni-sat%c2%admak%c2%adcy","status":"publish","type":"post","link":"https:\/\/zamanturkmenistan.com.tm\/?p=6980","title":{"rendered":"Te\u00adle\u00adwi\u00adzor \u00f6n\u00fcm\u00ad\u00e7i\u00adli\u00adgi\u00adni sat\u00admak\u00ad\u00e7y"},"content":{"rendered":"<p>\u00dda\u00adpo\u00adni\u00ad\u00fda\u00adny\u0148 d\u00fcn\u00ad\u00fd\u00e4 bel\u00adli \u201cTos\u00adhi\u00adba\u201d kor\u00adpo\u00adra\u00adsi\u00ad\u00fda\u00adsy \u00f6z\u00fc\u00adni\u0148 te\u00adle\u00adwi\u00adzor \u00f6n\u00fcm\u00ad\u00e7i\u00adli\u00adgi bi\u00adlen me\u015f\u00adgul\u00adlan\u00ad\u00fdan d\u00fc\u00adz\u00fc\u00admi\u00adni sat\u00adma\u00adgy mak\u00adsat edin\u00ad\u00fd\u00e4r. Bu ba\u00adra\u00adda \u00fda\u00adpon met\u00adbu\u00adga\u00adtyn\u00adda ha\u00adbar be\u00adril\u00ad\u00fd\u00e4r.<br \/>\nM\u00e4\u00adlim bol\u00ad\u015fu\u00adna g\u00f6\u00adr\u00e4, des\u00adlap\u00adky ha\u00adsa\u00adbat\u00adla\u00adry\u0148 \u00e7\u00e4k\u00adle\u00adrin\u00adde bu ge\u00adle\u00ad\u015fi\u00adgi\u0148 ba\u00adha\u00adsy\u00adny\u0148 bir\u00adn\u00e4\u00ad\u00e7e \u00fd\u00fcz mil\u00adli\u00adon dol\u00adla\u00adra ba\u00adra\u00adbar bol\u00adma\u00adgy\u00adna ga\u00adra\u00ad\u015fyl\u00ad\u00fdar. Bu ge\u00adle\u00ad\u015fik bi\u00adlen T\u00fcr\u00adki\u00ad\u00fd\u00e4\u00adni\u0148 ho\u00adja\u00adlyk ha\u00adryt\u00adla\u00adry\u00adny \u00f6n\u00add\u00fcr\u00ad\u00fd\u00e4n \u201cVes\u00adtel\u201d kom\u00adpa\u00adni\u00ad\u00fda\u00adsy\u00adny\u0148 \u00fda\u00adkyn\u00addan gy\u00adzyk\u00adlan\u00adma bil\u00addir\u00ad\u00fd\u00e4n\u00addi\u00adgi m\u00e4\u00adlim edil\u00addi. Bu ba\u00adra\u00adda\u00adky ahyr\u00adky ne\u00adti\u00adje 2018-nji \u00fdy\u00adly\u0148 mar\u00adtyn\u00adda bel\u00adli bo\u00adlar.<\/p>\n","protected":false},"excerpt":{"rendered":"<p>\u00dda\u00adpo\u00adni\u00ad\u00fda\u00adny\u0148 d\u00fcn\u00ad\u00fd\u00e4 bel\u00adli \u201cTos\u00adhi\u00adba\u201d kor\u00adpo\u00adra\u00adsi\u00ad\u00fda\u00adsy \u00f6z\u00fc\u00adni\u0148 te\u00adle\u00adwi\u00adzor \u00f6n\u00fcm\u00ad\u00e7i\u00adli\u00adgi bi\u00adlen me\u015f\u00adgul\u00adlan\u00ad\u00fdan d\u00fc\u00adz\u00fc\u00admi\u00adni sat\u00adma\u00adgy mak\u00adsat edin\u00ad\u00fd\u00e4r. Bu ba\u00adra\u00adda \u00fda\u00adpon met\u00adbu\u00adga\u00adtyn\u00adda ha\u00adbar be\u00adril\u00ad\u00fd\u00e4r. M\u00e4\u00adlim bol\u00ad\u015fu\u00adna g\u00f6\u00adr\u00e4, des\u00adlap\u00adky ha\u00adsa\u00adbat\u00adla\u00adry\u0148 \u00e7\u00e4k\u00adle\u00adrin\u00adde bu ge\u00adle\u00ad\u015fi\u00adgi\u0148 ba\u00adha\u00adsy\u00adny\u0148 bir\u00adn\u00e4\u00ad\u00e7e \u00fd\u00fcz mil\u00adli\u00adon dol\u00adla\u00adra ba\u00adra\u00adbar bol\u00adma\u00adgy\u00adna ga\u00adra\u00ad\u015fyl\u00ad\u00fdar. Bu ge\u00adle\u00ad\u015fik bi\u00adlen T\u00fcr\u00adki\u00ad\u00fd\u00e4\u00adni\u0148 ho\u00adja\u00adlyk ha\u00adryt\u00adla\u00adry\u00adny \u00f6n\u00add\u00fcr\u00ad\u00fd\u00e4n \u201cVes\u00adtel\u201d kom\u00adpa\u00adni\u00ad\u00fda\u00adsy\u00adny\u0148 \u00fda\u00adkyn\u00addan gy\u00adzyk\u00adlan\u00adma bil\u00addir\u00ad\u00fd\u00e4n\u00addi\u00adgi m\u00e4\u00adlim edil\u00addi. Bu ba\u00adra\u00adda\u00adky ahyr\u00adky ne\u00adti\u00adje 2018-nji [&hellip;]<\/p>\n","protected":false},"author":1,"featured_media":6981,"comment_status":"open","ping_status":"closed","sticky":false,"template":"","format":"standard","meta":{"footnotes":""},"categories":[5],"tags":[],"acf":[],"_links":{"self":[{"href":"https:\/\/zamanturkmenistan.com.tm\/index.php?rest_route=\/wp\/v2\/posts\/6980"}],"collection":[{"href":"https:\/\/zamanturkmenistan.com.tm\/index.php?rest_route=\/wp\/v2\/posts"}],"about":[{"href":"https:\/\/zamanturkmenistan.com.tm\/index.php?rest_route=\/wp\/v2\/types\/post"}],"author":[{"embeddable":true,"href":"https:\/\/zamanturkmenistan.com.tm\/index.php?rest_route=\/wp\/v2\/users\/1"}],"replies":[{"embeddable":true,"href":"https:\/\/zamanturkmenistan.com.tm\/index.php?rest_route=%2Fwp%2Fv2%2Fcomments&post=6980"}],"version-history":[{"count":0,"href":"https:\/\/zamanturkmenistan.com.tm\/index.php?rest_route=\/wp\/v2\/posts\/6980\/revisions"}],"wp:featuredmedia":[{"embeddable":true,"href":"https:\/\/zamanturkmenistan.com.tm\/index.php?rest_route=\/wp\/v2\/media\/6981"}],"wp:attachment":[{"href":"https:\/\/zamanturkmenistan.com.tm\/index.php?rest_route=%2Fwp%2Fv2%2Fmedia&parent=6980"}],"wp:term":[{"taxonomy":"category","embeddable":true,"href":"https:\/\/zamanturkmenistan.com.tm\/index.php?rest_route=%2Fwp%2Fv2%2Fcategories&post=6980"},{"taxonomy":"post_tag","embeddable":true,"href":"https:\/\/zamanturkmenistan.com.tm\/index.php?rest_route=%2Fwp%2Fv2%2Ftags&post=6980"}],"curies":[{"name":"wp","href":"https:\/\/api.w.org\/{rel}","templated":true}]}}