{"id":69898,"date":"2022-12-19T13:09:39","date_gmt":"2022-12-19T08:09:39","guid":{"rendered":"https:\/\/zamanturkmenistan.com.tm\/?p=69898"},"modified":"2022-12-19T13:09:39","modified_gmt":"2022-12-19T08:09:39","slug":"gara-denizden-suwasty-elektrik-gecirijisi-gurlar","status":"publish","type":"post","link":"https:\/\/zamanturkmenistan.com.tm\/?p=69898","title":{"rendered":"Gara de\u0148izden suwasty elektrik ge\u00e7irijisi gurlar"},"content":{"rendered":"<p>\u00ddewropa Komissi\u00fdasyny\u0148 ba\u015flygy Ursula fon der L\u00fda\u00fden Rumyni\u00fda, Gruzi\u00fda we Azerba\u00fdjan d\u00f6wletlerini\u0148 aralygynda Gara de\u0148iz elektrik ge\u00e7irijisini\u0148 guruljakdygyny m\u00e4lim etdi. Taslamany\u0148 \u00e7\u00e4klerinde de\u0148zi\u0148 iki kenaryna energi\u00fda we sanly aragatna\u015fyk arkaly birikdiriler. Gol \u00e7ekilen \u015fertnamany\u0148 \u00e7\u00e4klerinde Gara de\u0148zi\u0148 a\u015fagyna Azerba\u00fdjany Gruzi\u00fda we Rumyni\u00fdany\u0148 \u00fcsti bilen Wengri\u00fda birikdir\u00fd\u00e4n elektrik ge\u00e7irijisi d\u00fc\u015feler. Bu taslama \u00ddewropa \u00fdurtlary \u00fc\u00e7in \u00fdene bir energi\u00fda \u00e7e\u015fmesi bolup hyzmat eder. \u015eertnama g\u00f6t\u00e4, Azerba\u00fdjan a\u00e7yk de\u0148izd\u00e4ki \u00fdel beketlerinden alan \u201c\u00fda\u015fyl\u201d elektrik energi\u00fdasyny Gruzi\u00fdany\u0148 \u00fcsti bilen Gara de\u0148zi\u0148 a\u015fagyndan ge\u00e7irip Rumyni\u00fda we Wengri\u00fda eksport eder. Bu barada Rumyni\u00fdany\u0148 pa\u00fdtagty Buharestde bu d\u00f6rt \u00fdurdu\u0148 \u00fdolba\u015f\u00e7ylaryny\u0148 gatna\u015fmagynda strategik hyzmatda\u015fly hakynda \u015fertnama gol \u00e7ekmek dabarasy boldy. Ursula fon der L\u00fda\u00fden bu ylala\u015fygy\u0148 \u201c\u00fda\u015fyl\u201d energi\u00fda ge\u00e7m\u00e4ge \u00fdardam etjekdigini m\u00e4lim etdi.<\/p>\n","protected":false},"excerpt":{"rendered":"<p>\u00ddewropa Komissi\u00fdasyny\u0148 ba\u015flygy Ursula fon der L\u00fda\u00fden Rumyni\u00fda, Gruzi\u00fda we Azerba\u00fdjan d\u00f6wletlerini\u0148 aralygynda Gara de\u0148iz elektrik ge\u00e7irijisini\u0148 guruljakdygyny m\u00e4lim etdi. Taslamany\u0148 \u00e7\u00e4klerinde de\u0148zi\u0148 iki kenaryna energi\u00fda we sanly aragatna\u015fyk arkaly birikdiriler. Gol \u00e7ekilen \u015fertnamany\u0148 \u00e7\u00e4klerinde Gara de\u0148zi\u0148 a\u015fagyna Azerba\u00fdjany Gruzi\u00fda we Rumyni\u00fdany\u0148 \u00fcsti bilen Wengri\u00fda birikdir\u00fd\u00e4n elektrik ge\u00e7irijisi d\u00fc\u015feler. Bu taslama \u00ddewropa \u00fdurtlary \u00fc\u00e7in \u00fdene [&hellip;]<\/p>\n","protected":false},"author":2,"featured_media":69899,"comment_status":"open","ping_status":"closed","sticky":false,"template":"","format":"standard","meta":{"footnotes":""},"categories":[5],"tags":[],"acf":[],"_links":{"self":[{"href":"https:\/\/zamanturkmenistan.com.tm\/index.php?rest_route=\/wp\/v2\/posts\/69898"}],"collection":[{"href":"https:\/\/zamanturkmenistan.com.tm\/index.php?rest_route=\/wp\/v2\/posts"}],"about":[{"href":"https:\/\/zamanturkmenistan.com.tm\/index.php?rest_route=\/wp\/v2\/types\/post"}],"author":[{"embeddable":true,"href":"https:\/\/zamanturkmenistan.com.tm\/index.php?rest_route=\/wp\/v2\/users\/2"}],"replies":[{"embeddable":true,"href":"https:\/\/zamanturkmenistan.com.tm\/index.php?rest_route=%2Fwp%2Fv2%2Fcomments&post=69898"}],"version-history":[{"count":1,"href":"https:\/\/zamanturkmenistan.com.tm\/index.php?rest_route=\/wp\/v2\/posts\/69898\/revisions"}],"predecessor-version":[{"id":69900,"href":"https:\/\/zamanturkmenistan.com.tm\/index.php?rest_route=\/wp\/v2\/posts\/69898\/revisions\/69900"}],"wp:featuredmedia":[{"embeddable":true,"href":"https:\/\/zamanturkmenistan.com.tm\/index.php?rest_route=\/wp\/v2\/media\/69899"}],"wp:attachment":[{"href":"https:\/\/zamanturkmenistan.com.tm\/index.php?rest_route=%2Fwp%2Fv2%2Fmedia&parent=69898"}],"wp:term":[{"taxonomy":"category","embeddable":true,"href":"https:\/\/zamanturkmenistan.com.tm\/index.php?rest_route=%2Fwp%2Fv2%2Fcategories&post=69898"},{"taxonomy":"post_tag","embeddable":true,"href":"https:\/\/zamanturkmenistan.com.tm\/index.php?rest_route=%2Fwp%2Fv2%2Ftags&post=69898"}],"curies":[{"name":"wp","href":"https:\/\/api.w.org\/{rel}","templated":true}]}}