{"id":70058,"date":"2022-12-22T10:10:44","date_gmt":"2022-12-22T05:10:44","guid":{"rendered":"https:\/\/zamanturkmenistan.com.tm\/?p=70058"},"modified":"2022-12-22T10:10:44","modified_gmt":"2022-12-22T05:10:44","slug":"turkmenistanyn-wekiliyetinin-yaponiya-is-sapary","status":"publish","type":"post","link":"https:\/\/zamanturkmenistan.com.tm\/?p=70058","title":{"rendered":"T\u00fcrkmenistany\u0148 wekili\u00fdetini\u0148 \u00ddaponi\u00fda i\u015f sapary"},"content":{"rendered":"<p>2022-nji \u00fdyly\u0148 21-24-nji dekabry aralygynda T\u00fcrkmenistany\u0148 Da\u015fary i\u015fler ministri Ra\u015fid Meredowy\u0148 \u00fdolba\u015f\u00e7ylygyndaky t\u00fcrkmen wekili\u00fdeti \u00ddaponi\u00fdada i\u015f saparynda bol\u00fdarlar.<\/p>\n<p>Sapary\u0148 \u00e7\u00e4ginde wekili\u00fdetini\u0148 ykdysady hyzmatda\u015flyk bo\u00fdun\u00e7a \u00ddapon-T\u00fcrkmen we T\u00fcrkmen-\u00ddapon komitetlerini\u0148 14-nji bilelikd\u00e4ki mejlisine, \u015fe\u00fdle hem T\u00fcrkmenistany\u0148 Da\u015fary i\u015fler ministrini\u0148 \u00abMerkezi Azi\u00fda+\u00ddaponi\u00fda\u00bb Dialogyny\u0148 9-njy mejlisine gatna\u015fmagy, mundan ba\u015fga-da H\u00f6k\u00fcmetde, Parlamentde, degi\u015fli ministrliklerde we edaralarda du\u015fu\u015fyklary\u0148, \u00ddaponi\u00fdany\u0148 \u00f6\u0148debaryjy kompani\u00fdalaryny\u0148, mali\u00fde we eksport-karz agentliklerini\u0148 \u00fdolba\u015f\u00e7ylary bilen du\u015fu\u015fyklary me\u00fdille\u015fdirilendir.<\/p>\n","protected":false},"excerpt":{"rendered":"<p>2022-nji \u00fdyly\u0148 21-24-nji dekabry aralygynda T\u00fcrkmenistany\u0148 Da\u015fary i\u015fler ministri Ra\u015fid Meredowy\u0148 \u00fdolba\u015f\u00e7ylygyndaky t\u00fcrkmen wekili\u00fdeti \u00ddaponi\u00fdada i\u015f saparynda bol\u00fdarlar. Sapary\u0148 \u00e7\u00e4ginde wekili\u00fdetini\u0148 ykdysady hyzmatda\u015flyk bo\u00fdun\u00e7a \u00ddapon-T\u00fcrkmen we T\u00fcrkmen-\u00ddapon komitetlerini\u0148 14-nji bilelikd\u00e4ki mejlisine, \u015fe\u00fdle hem T\u00fcrkmenistany\u0148 Da\u015fary i\u015fler ministrini\u0148 \u00abMerkezi Azi\u00fda+\u00ddaponi\u00fda\u00bb Dialogyny\u0148 9-njy mejlisine gatna\u015fmagy, mundan ba\u015fga-da H\u00f6k\u00fcmetde, Parlamentde, degi\u015fli ministrliklerde we edaralarda du\u015fu\u015fyklary\u0148, \u00ddaponi\u00fdany\u0148 \u00f6\u0148debaryjy kompani\u00fdalaryny\u0148, [&hellip;]<\/p>\n","protected":false},"author":2,"featured_media":70059,"comment_status":"open","ping_status":"closed","sticky":false,"template":"","format":"standard","meta":{"footnotes":""},"categories":[3],"tags":[],"acf":[],"_links":{"self":[{"href":"https:\/\/zamanturkmenistan.com.tm\/index.php?rest_route=\/wp\/v2\/posts\/70058"}],"collection":[{"href":"https:\/\/zamanturkmenistan.com.tm\/index.php?rest_route=\/wp\/v2\/posts"}],"about":[{"href":"https:\/\/zamanturkmenistan.com.tm\/index.php?rest_route=\/wp\/v2\/types\/post"}],"author":[{"embeddable":true,"href":"https:\/\/zamanturkmenistan.com.tm\/index.php?rest_route=\/wp\/v2\/users\/2"}],"replies":[{"embeddable":true,"href":"https:\/\/zamanturkmenistan.com.tm\/index.php?rest_route=%2Fwp%2Fv2%2Fcomments&post=70058"}],"version-history":[{"count":1,"href":"https:\/\/zamanturkmenistan.com.tm\/index.php?rest_route=\/wp\/v2\/posts\/70058\/revisions"}],"predecessor-version":[{"id":70060,"href":"https:\/\/zamanturkmenistan.com.tm\/index.php?rest_route=\/wp\/v2\/posts\/70058\/revisions\/70060"}],"wp:featuredmedia":[{"embeddable":true,"href":"https:\/\/zamanturkmenistan.com.tm\/index.php?rest_route=\/wp\/v2\/media\/70059"}],"wp:attachment":[{"href":"https:\/\/zamanturkmenistan.com.tm\/index.php?rest_route=%2Fwp%2Fv2%2Fmedia&parent=70058"}],"wp:term":[{"taxonomy":"category","embeddable":true,"href":"https:\/\/zamanturkmenistan.com.tm\/index.php?rest_route=%2Fwp%2Fv2%2Fcategories&post=70058"},{"taxonomy":"post_tag","embeddable":true,"href":"https:\/\/zamanturkmenistan.com.tm\/index.php?rest_route=%2Fwp%2Fv2%2Ftags&post=70058"}],"curies":[{"name":"wp","href":"https:\/\/api.w.org\/{rel}","templated":true}]}}