{"id":70067,"date":"2022-12-22T11:16:29","date_gmt":"2022-12-22T06:16:29","guid":{"rendered":"https:\/\/zamanturkmenistan.com.tm\/?p=70067"},"modified":"2022-12-22T11:16:29","modified_gmt":"2022-12-22T06:16:29","slug":"turkmenistanyn-milli-genesinin-mejlisinin-karary-ahal-welayatynyn-taze-dowrebap-edara-edis-merkezine-saher-derejesini-bermek-we-ona-at-dakmak-hakynda","status":"publish","type":"post","link":"https:\/\/zamanturkmenistan.com.tm\/?p=70067","title":{"rendered":"T\u00fcrkmenistany\u0148 Milli Ge\u0148e\u015fini\u0148 Mejlisini\u0148 Karary Ahal wela\u00fdatyny\u0148 t\u00e4ze, d\u00f6wrebap edara edi\u015f merkezine \u015f\u00e4her derejesini bermek we o\u0148a at dakmak hakynda"},"content":{"rendered":"<p>\u00c7u\u0148\u0148ur hormatlanyl\u00fdan T\u00fcrkmenistany\u0148 Prezidenti Serdar Gurbanguly\u00fdewi\u00e7 Berdimuhamedowy\u0148 parasatly ba\u015ftutanlygynda Berkarar d\u00f6wleti\u0148 t\u00e4ze e\u00fd\u00fdamyny\u0148 Galkyny\u015fy d\u00f6wr\u00fcnde \u00fdurdumyzy\u0148 d\u00f6wletlilik bin\u00fdadyny\u0148 berkemegine, ykdysady kuwwatyny\u0148 has-da artmagyna, halkymyzy\u0148 \u00fda\u015fa\u00fdy\u015f-durmu\u015f derejesini\u0148 \u00fdokarlanmagyna, Watanymyzy mundan be\u00fdl\u00e4k-de be\u00fdik \u00f6s\u00fc\u015flere \u00fdetirm\u00e4ge g\u00f6n\u00fckdirilen uzak m\u00f6hletle\u00fdin iri maksatnamalar \u00fcst\u00fcnlikli durmu\u015fa ge\u00e7iril\u00fd\u00e4r. Arkadagly Serdarymyzy\u0148 p\u00e4him-pa\u00fdhasa esaslan\u00fdan o\u00fdlany\u015fykly i\u00e7eri we da\u015fary sy\u00fdasatyny\u0148 netijesinde Gara\u015fsyz, hemi\u015felik Bitarap \u00fdurdumyzda amala a\u015fyryl\u00fdan be\u00fdik i\u015flere, aja\u00fdyp \u00f6zgertmelere, eziz Di\u00fdarymyzy\u0148 her g\u00fcn\u00fcni beze\u00fd\u00e4n aja\u00fdyp wakalara halkymyz t\u00fc\u00fds \u00fd\u00fcrekden guwan\u00fdar hem-de bu\u00fdsan\u00fdar.<\/p>\n<p>Gahryman Arkadagymyzy\u0148 ba\u015flangyjy bilen Ahal wela\u00fdatyny\u0148 G\u00f6kdepe etrabyny\u0148 \u00e7\u00e4ginde merdana ata-babalarymyzy\u0148 \u015f\u00f6hrata besl\u00e4n mukaddes taryhy topragynda gurul\u00fdan Ahal wela\u00fdatyny\u0148 t\u00e4ze, d\u00f6wrebap edara edi\u015f merkezi bu g\u00fcn \u00fdurdumyzy\u0148 Gara\u015fsyzlyk sene \u00fdazgysyna t\u00e4ze aja\u00fdyp sahypa bolup gir\u00fd\u00e4r. H\u00e4zirki wagtda Arkadagly Serdarymyzy\u0148 \u00fdolba\u015f\u00e7ylygynda gurlu\u015fygy dowam etdiril\u00fd\u00e4n d\u00f6wrebap \u015f\u00e4heri\u0148 binag\u00e4rlik ke\u015fbinde Watanymyzy\u0148 durmu\u015f-ykdysady ta\u00fddan okgunly \u00f6s\u00fc\u015fi, \u00fda\u015fa\u00fdy\u015f-durmu\u015f \u00fcpj\u00fcn\u00e7iligini\u0148 guraly\u015fynda milli mirasymyz, ruhy gymmatlyklarymyz, halkymyzy\u0148 k\u00f6pasyrlyk ba\u00fd taryhy we medeni d\u00e4pleri \u00f6z be\u00fdanyny tap\u00fdar.<\/p>\n<p>Berkarar d\u00f6wleti\u0148 \u00f6s\u00fc\u015fini\u0148 t\u00e4ze tapgyrynda m\u00e4hriban Watanymyzy sy\u00fdasy, ykdysady we medeni ta\u00fddan \u00f6sd\u00fcrmekde, \u00fdurdumyzda binag\u00e4rlik we \u015f\u00e4hergurlu\u015fyk i\u015fini \u00fdokary derejelere \u00fdetirmekde, \u00fda\u015famak \u00fc\u00e7in has o\u0148a\u00fdly \u015fertler d\u00f6redilen d\u00f6wrebap obalary, \u015f\u00e4her\u00e7eleri gurmakda, durmu\u015fymyzy\u0148 \u00e4hli ugurlaryna sanly ulgamy, \u00fdokary tehnologi\u00fdalary orna\u015fdyrmakda, sebitleri hemmetarapla\u00fdyn we gyrade\u0148 \u00f6sd\u00fcrmekde, her bir ra\u00fdaty\u0148 abadan durmu\u015fyny \u00fcpj\u00fcn etmekde amala a\u015fyryl\u00fdan i\u015fler Gahryman Arkadagymyzy\u0148 ady bilen a\u00fdrylmaz baglany\u015fyklydyr.<\/p>\n<p>\u015eunu\u0148 bilen baglylykda, Ahal wela\u00fdatyny\u0148 etraplaryny\u0148, \u015f\u00e4herlerini\u0148 \u00fda\u015fa\u00fdjylary bilen ge\u00e7irilen k\u00f6p sanly du\u015fu\u015fyklarda we \u00fdurdumyzy\u0148 \u00e4hli k\u00fcnjeklerinde \u00fda\u015fa\u00fdan ra\u00fdatlardan gelip gowu\u015f\u00fdan \u00fd\u00fcztutmalarda mizemez t\u00fcrkmen d\u00f6wletini\u0148 berkarar bolmagynda Gahryman Arkadagymyzy\u0148 bitiren hyzmatlaryna be\u00fdik sarpa, \u00e7\u00e4ksiz guwan\u00e7, bu\u00fdsan\u00e7 be\u00fdan edil\u00fd\u00e4r hem-de Ahal wela\u00fdatyny\u0148 t\u00e4ze, d\u00f6wrebap edara edi\u015f merkezini \u00abArkadag\u00bb di\u00fdip atlandyrmak barada biragyzdan teklipler \u00f6\u0148e s\u00fcr\u00fcl\u00fd\u00e4r.<\/p>\n<p>Ahal wela\u00fdatyny\u0148 \u00fda\u015fa\u00fdjylaryny\u0148 we \u00fdurdumyzy\u0148 ra\u00fdatlaryny\u0148 isleg-arzuwlaryny, jemgy\u00fdet\u00e7ilik birle\u015fiklerini\u0148 ha\u00fdy\u015fnamalaryny hem-de T\u00fcrkmenistany\u0148 Ministrler Kabinetini\u0148 teklipnamasyny g\u00f6z \u00f6\u0148\u00fcnde tutup, \u00abT\u00fcrkmenistany\u0148 dolandyry\u015f-\u00e7\u00e4k gurlu\u015fyny\u0148 meselelerini \u00e7\u00f6zmegi\u0148 tertibi hakynda\u00bb T\u00fcrkmenistany\u0148 Kanunyna la\u00fdyklykda, T\u00fcrkmenistany\u0148 Milli Ge\u0148e\u015fini\u0148 Mejlisi karar ed\u00fd\u00e4r:<\/p>\n<p>1. Ahal wela\u00fdatyny\u0148 t\u00e4ze, d\u00f6wrebap edara edi\u015f merkezine etrap hukukly \u015f\u00e4her derejesini bermeli.<\/p>\n<p>2. Ahal wela\u00fdatyny\u0148 t\u00e4ze, d\u00f6wrebap edara edi\u015f merkezine \u00abArkadag\u00bb adyny dakmaly hem-de mundan be\u00fdl\u00e4k ony \u00abAhal wela\u00fdatyny\u0148 Arkadag \u015f\u00e4heri\u00bb di\u00fdip atlandyrmaly.<\/p>\n<p>3. Ahal wela\u00fdatyny\u0148 edara edi\u015f merkezini Arkadag \u015f\u00e4herine ge\u00e7irmeli.<\/p>\n<p>4. Ahal wela\u00fdatyny\u0148 G\u00f6kdepe etrabyny\u0148 2370 ga \u00fderlerini \u015fu karary\u0148 go\u015fundysyndaky \u00e7yzga la\u00fdyklykda Arkadag \u015f\u00e4herini\u0148 dolandyry\u015f \u00e7\u00e4gine ge\u00e7irmeli.<\/p>\n<p>5. Ahal wela\u00fdatyny\u0148 G\u00f6kdepe etrabyny\u0148 K\u00e4rizek ge\u0148e\u015fligini\u0148 Aba Anna\u00fdew obasyny, Arkadag \u015f\u00e4herini\u0148 \u00e7\u00e4gine go\u015fulandygy seb\u00e4pli, dolandyry\u015f-\u00e7\u00e4k birliklerini\u0148 hasabyndan \u00e7ykarmaly.<\/p>\n<p>6. Ahal wela\u00fdatyny\u0148 G\u00f6kdepe etrabyny\u0148 K\u00e4rizek ge\u0148e\u015fligini \u00fdatyrmaly.<\/p>\n<p>7. T\u00fcrkmenistany\u0148 Oba hojalyk we da\u015fky gur\u015fawy goramak ministrligi Ahal wela\u00fdatyny\u0148 h\u00e4kimligi bilen bilelikde Ahal wela\u00fdatyny\u0148 Arkadag \u015f\u00e4herini\u0148 dolandyry\u015f \u00e7\u00e4klerini\u0148 \u00fdazgysyny bellenen tertipde ge\u00e7irmeli.<\/p>\n<p>8. T\u00fcrkmenistany\u0148 Mejlisini\u0148 2010-njy \u00fdyly\u0148 10-njy ma\u00fdyndaky 112-IV belgili karary bilen tassyklanylan T\u00fcrkmenistany\u0148 dolandyry\u015f-\u00e7\u00e4k birliklerini\u0148 Sanawyna degi\u015fli \u00fc\u00fdtgetmeleri girizmeli.<\/p>\n<p><strong>T\u00fcrkmenistany\u0148 Milli Ge\u0148e\u015fini\u0148 Mejlisini\u0148 Ba\u015flygy<br \/>\nG.M\u00c4MMEDOWA.<\/strong><\/p>\n<p><em>A\u015fgabat \u015f\u00e4heri, 2022-nji \u00fdyly\u0148 20-nji dekabry.<\/em><\/p>\n","protected":false},"excerpt":{"rendered":"<p>\u00c7u\u0148\u0148ur hormatlanyl\u00fdan T\u00fcrkmenistany\u0148 Prezidenti Serdar Gurbanguly\u00fdewi\u00e7 Berdimuhamedowy\u0148 parasatly ba\u015ftutanlygynda Berkarar d\u00f6wleti\u0148 t\u00e4ze e\u00fd\u00fdamyny\u0148 Galkyny\u015fy d\u00f6wr\u00fcnde \u00fdurdumyzy\u0148 d\u00f6wletlilik bin\u00fdadyny\u0148 berkemegine, ykdysady kuwwatyny\u0148 has-da artmagyna, halkymyzy\u0148 \u00fda\u015fa\u00fdy\u015f-durmu\u015f derejesini\u0148 \u00fdokarlanmagyna, Watanymyzy mundan be\u00fdl\u00e4k-de be\u00fdik \u00f6s\u00fc\u015flere \u00fdetirm\u00e4ge g\u00f6n\u00fckdirilen uzak m\u00f6hletle\u00fdin iri maksatnamalar \u00fcst\u00fcnlikli durmu\u015fa ge\u00e7iril\u00fd\u00e4r. Arkadagly Serdarymyzy\u0148 p\u00e4him-pa\u00fdhasa esaslan\u00fdan o\u00fdlany\u015fykly i\u00e7eri we da\u015fary sy\u00fdasatyny\u0148 netijesinde Gara\u015fsyz, hemi\u015felik Bitarap \u00fdurdumyzda [&hellip;]<\/p>\n","protected":false},"author":2,"featured_media":70068,"comment_status":"open","ping_status":"closed","sticky":false,"template":"","format":"standard","meta":{"footnotes":""},"categories":[3],"tags":[],"acf":[],"_links":{"self":[{"href":"https:\/\/zamanturkmenistan.com.tm\/index.php?rest_route=\/wp\/v2\/posts\/70067"}],"collection":[{"href":"https:\/\/zamanturkmenistan.com.tm\/index.php?rest_route=\/wp\/v2\/posts"}],"about":[{"href":"https:\/\/zamanturkmenistan.com.tm\/index.php?rest_route=\/wp\/v2\/types\/post"}],"author":[{"embeddable":true,"href":"https:\/\/zamanturkmenistan.com.tm\/index.php?rest_route=\/wp\/v2\/users\/2"}],"replies":[{"embeddable":true,"href":"https:\/\/zamanturkmenistan.com.tm\/index.php?rest_route=%2Fwp%2Fv2%2Fcomments&post=70067"}],"version-history":[{"count":1,"href":"https:\/\/zamanturkmenistan.com.tm\/index.php?rest_route=\/wp\/v2\/posts\/70067\/revisions"}],"predecessor-version":[{"id":70069,"href":"https:\/\/zamanturkmenistan.com.tm\/index.php?rest_route=\/wp\/v2\/posts\/70067\/revisions\/70069"}],"wp:featuredmedia":[{"embeddable":true,"href":"https:\/\/zamanturkmenistan.com.tm\/index.php?rest_route=\/wp\/v2\/media\/70068"}],"wp:attachment":[{"href":"https:\/\/zamanturkmenistan.com.tm\/index.php?rest_route=%2Fwp%2Fv2%2Fmedia&parent=70067"}],"wp:term":[{"taxonomy":"category","embeddable":true,"href":"https:\/\/zamanturkmenistan.com.tm\/index.php?rest_route=%2Fwp%2Fv2%2Fcategories&post=70067"},{"taxonomy":"post_tag","embeddable":true,"href":"https:\/\/zamanturkmenistan.com.tm\/index.php?rest_route=%2Fwp%2Fv2%2Ftags&post=70067"}],"curies":[{"name":"wp","href":"https:\/\/api.w.org\/{rel}","templated":true}]}}