{"id":70615,"date":"2023-01-04T09:54:42","date_gmt":"2023-01-04T04:54:42","guid":{"rendered":"https:\/\/zamanturkmenistan.com.tm\/?p=70615"},"modified":"2023-01-04T09:54:42","modified_gmt":"2023-01-04T04:54:42","slug":"2023-nji-yylyn-ilkinji-babegi","status":"publish","type":"post","link":"https:\/\/zamanturkmenistan.com.tm\/?p=70615","title":{"rendered":"2023-nji \u00fdyly\u0148 ilkinji b\u00e4begi"},"content":{"rendered":"<p>En\u00e4\u00adni\u0148 we \u00e7a\u00adga\u00adny\u0148 sag\u00adly\u00adgy\u00adny go\u00adra\u00ad\u00fdy\u015f yl\u00admy-kli\u00adni\u00adki mer\u00adke\u00adzin\u00adde t\u00e4\u00adze \u00fdy\u00adly\u0148 ga\u00addam go\u00ad\u00fdan il\u00adkin\u00adji mi\u00adnut\u00adla\u00adryn\u00adda pa\u00fd\u00adtag\u00adty\u00admy\u00adzy\u0148 \u00fda\u00ad\u015fa\u00ad\u00fdan Mom\u00adma\u00addow\u00adla\u00adry\u0148 ma\u015f\u00adga\u00adla\u00adsyn\u00adda ogul per\u00adzent\u00adle\u00adri d\u00fcn\u00ad\u00fd\u00e4 in\u00addi. Bu og\u00adlan\u00adjyk t\u00e4\u00adze, 2023-nji \u00fdyl\u00adda \u00fdur\u00addu\u00admyz\u00adda il\u00adkin\u00adji d\u00fcn\u00ad\u00fd\u00e4 inen \u00e7a\u00adga\u00addyr.<br \/>\nDog\u00adlan ogul b\u00e4\u00adbe\u00adji\u00adgi\u0148 ag\u00adra\u00admy 3 ki\u00adlog\u00adram 840 gram, bo\u00ad\u00fdy 53 san\u00adti\u00admetr \u00f6l\u00ad\u00e7eg\u00adler\u00adde bel\u00adli\u00adge alyn\u00addy. Olar \u00fdur\u00addu\u00admyz\u00adda 2023-nji \u00fdy\u00adly\u0148 \u00abAr\u00adka\u00addag Ser\u00addar\u00adly bag\u00adty\u00ad\u00fdar \u00fda\u015f\u00adlar \u00fdy\u00adly\u00bb di\u00ad\u00fden \u015fy\u00adga\u00adryn\u00addan ugur al\u00admak bi\u00adlen, t\u00e4\u00adze \u00fdyl\u00adda il\u00adkin\u00adji bo\u00adlup d\u00fcn\u00ad\u00fd\u00e4 inen ogul\u00adla\u00adry\u00adna Bag\u00adty\u00ad\u00fdar di\u00ad\u00fdip at go\u00fd\u00addu\u00adlar. Ki\u00ad\u00e7i\u00adjik Bag\u00adty\u00ad\u00fdar Mom\u00adma\u00addow\u00adla\u00adry\u0148 d\u00f6w\u00adlet\u00adli ma\u015f\u00adga\u00adla\u00adsy\u00adny\u0148 \u00fc\u00e7\u00fcn\u00adji per\u00adzen\u00addi\u00addir.<br \/>\nOg\u00adlan\u00adjy\u00adgy\u0148 ata-ene\u00adsi\u00adne hor\u00admat\u00adly Pre\u00adzi\u00adden\u00adti\u00admiz hem-de T\u00fcrk\u00adme\u00adnis\u00adta\u00adny\u0148 Mil\u00adli Ge\u00ad\u0148e\u00ad\u015fi\u00adni\u0148 Halk Mas\u00adla\u00adha\u00adty\u00adny\u0148 Ba\u015f\u00adly\u00adgy, Gah\u00adry\u00adman Ar\u00adka\u00adda\u00adgy\u00admyz Gurbanguly Berdimuhamedow \u00f6z sow\u00adgat\u00adla\u00adry iber\u00addi\u00adler.<br \/>\nBu ba\u00adra\u00adda \u201cT\u00fcrk\u00adme\u00adnis\u00adtan\u201d ga\u00adze\u00adti ha\u00adbar ber\u00ad\u00fd\u00e4r.<\/p>\n","protected":false},"excerpt":{"rendered":"<p>En\u00e4\u00adni\u0148 we \u00e7a\u00adga\u00adny\u0148 sag\u00adly\u00adgy\u00adny go\u00adra\u00ad\u00fdy\u015f yl\u00admy-kli\u00adni\u00adki mer\u00adke\u00adzin\u00adde t\u00e4\u00adze \u00fdy\u00adly\u0148 ga\u00addam go\u00ad\u00fdan il\u00adkin\u00adji mi\u00adnut\u00adla\u00adryn\u00adda pa\u00fd\u00adtag\u00adty\u00admy\u00adzy\u0148 \u00fda\u00ad\u015fa\u00ad\u00fdan Mom\u00adma\u00addow\u00adla\u00adry\u0148 ma\u015f\u00adga\u00adla\u00adsyn\u00adda ogul per\u00adzent\u00adle\u00adri d\u00fcn\u00ad\u00fd\u00e4 in\u00addi. Bu og\u00adlan\u00adjyk t\u00e4\u00adze, 2023-nji \u00fdyl\u00adda \u00fdur\u00addu\u00admyz\u00adda il\u00adkin\u00adji d\u00fcn\u00ad\u00fd\u00e4 inen \u00e7a\u00adga\u00addyr. Dog\u00adlan ogul b\u00e4\u00adbe\u00adji\u00adgi\u0148 ag\u00adra\u00admy 3 ki\u00adlog\u00adram 840 gram, bo\u00ad\u00fdy 53 san\u00adti\u00admetr \u00f6l\u00ad\u00e7eg\u00adler\u00adde bel\u00adli\u00adge alyn\u00addy. Olar \u00fdur\u00addu\u00admyz\u00adda 2023-nji \u00fdy\u00adly\u0148 \u00abAr\u00adka\u00addag Ser\u00addar\u00adly bag\u00adty\u00ad\u00fdar \u00fda\u015f\u00adlar \u00fdy\u00adly\u00bb di\u00ad\u00fden [&hellip;]<\/p>\n","protected":false},"author":2,"featured_media":70616,"comment_status":"open","ping_status":"closed","sticky":false,"template":"","format":"standard","meta":{"footnotes":""},"categories":[3],"tags":[],"acf":[],"_links":{"self":[{"href":"https:\/\/zamanturkmenistan.com.tm\/index.php?rest_route=\/wp\/v2\/posts\/70615"}],"collection":[{"href":"https:\/\/zamanturkmenistan.com.tm\/index.php?rest_route=\/wp\/v2\/posts"}],"about":[{"href":"https:\/\/zamanturkmenistan.com.tm\/index.php?rest_route=\/wp\/v2\/types\/post"}],"author":[{"embeddable":true,"href":"https:\/\/zamanturkmenistan.com.tm\/index.php?rest_route=\/wp\/v2\/users\/2"}],"replies":[{"embeddable":true,"href":"https:\/\/zamanturkmenistan.com.tm\/index.php?rest_route=%2Fwp%2Fv2%2Fcomments&post=70615"}],"version-history":[{"count":1,"href":"https:\/\/zamanturkmenistan.com.tm\/index.php?rest_route=\/wp\/v2\/posts\/70615\/revisions"}],"predecessor-version":[{"id":70617,"href":"https:\/\/zamanturkmenistan.com.tm\/index.php?rest_route=\/wp\/v2\/posts\/70615\/revisions\/70617"}],"wp:featuredmedia":[{"embeddable":true,"href":"https:\/\/zamanturkmenistan.com.tm\/index.php?rest_route=\/wp\/v2\/media\/70616"}],"wp:attachment":[{"href":"https:\/\/zamanturkmenistan.com.tm\/index.php?rest_route=%2Fwp%2Fv2%2Fmedia&parent=70615"}],"wp:term":[{"taxonomy":"category","embeddable":true,"href":"https:\/\/zamanturkmenistan.com.tm\/index.php?rest_route=%2Fwp%2Fv2%2Fcategories&post=70615"},{"taxonomy":"post_tag","embeddable":true,"href":"https:\/\/zamanturkmenistan.com.tm\/index.php?rest_route=%2Fwp%2Fv2%2Ftags&post=70615"}],"curies":[{"name":"wp","href":"https:\/\/api.w.org\/{rel}","templated":true}]}}