{"id":70692,"date":"2023-01-05T10:30:18","date_gmt":"2023-01-05T05:30:18","guid":{"rendered":"https:\/\/zamanturkmenistan.com.tm\/?p=70692"},"modified":"2023-01-05T10:30:18","modified_gmt":"2023-01-05T05:30:18","slug":"tesla-rekordyny-tazeledi","status":"publish","type":"post","link":"https:\/\/zamanturkmenistan.com.tm\/?p=70692","title":{"rendered":"\u00abTes\u00adla\u00bb re\u00adkor\u00addy\u00adny t\u00e4\u00adze\u00adle\u00addi"},"content":{"rendered":"<p>Ilon Mas\u00adky\u0148 elekt\u00adrou\u00adlag\u00ad \u00f6n\u00add\u00fcr\u00ad\u00fd\u00e4n \u00abTes\u00adla\u00bb kom\u00adpa\u00adni\u00ad\u00fda\u00adsy ge\u00ad\u00e7en \u00fdy\u00adly\u0148 dowamynda m\u00fc\u015f\u00adde\u00adri\u00adle\u00adri\u00adne re\u00adkord muk\u00addar\u00adda \u2013 1 313 851 aw\u00adtou\u00adlag iber\u00addi. Bu g]rkeziji 2021-nji \u00fdyl\u00adda\u00adky\u00addan 40 g\u00f6terim k\u00f6p\u00add\u00fcr. \u015ee\u00fd\u00adle\u00adlik\u00adde, \u00abTes\u00adla\u00bb ge\u00e7en \u00fdyl\u00ad elekt\u00adro\u00adulag satuwyndaky re\u00adkor\u00addy\u00adny t\u00e4\u00adze\u00adle\u00addi.<\/p>\n","protected":false},"excerpt":{"rendered":"<p>Ilon Mas\u00adky\u0148 elekt\u00adrou\u00adlag\u00ad \u00f6n\u00add\u00fcr\u00ad\u00fd\u00e4n \u00abTes\u00adla\u00bb kom\u00adpa\u00adni\u00ad\u00fda\u00adsy ge\u00ad\u00e7en \u00fdy\u00adly\u0148 dowamynda m\u00fc\u015f\u00adde\u00adri\u00adle\u00adri\u00adne re\u00adkord muk\u00addar\u00adda \u2013 1 313 851 aw\u00adtou\u00adlag iber\u00addi. Bu g]rkeziji 2021-nji \u00fdyl\u00adda\u00adky\u00addan 40 g\u00f6terim k\u00f6p\u00add\u00fcr. \u015ee\u00fd\u00adle\u00adlik\u00adde, \u00abTes\u00adla\u00bb ge\u00e7en \u00fdyl\u00ad elekt\u00adro\u00adulag satuwyndaky re\u00adkor\u00addy\u00adny t\u00e4\u00adze\u00adle\u00addi.<\/p>\n","protected":false},"author":2,"featured_media":68354,"comment_status":"open","ping_status":"closed","sticky":false,"template":"","format":"standard","meta":{"footnotes":""},"categories":[8],"tags":[],"acf":[],"_links":{"self":[{"href":"https:\/\/zamanturkmenistan.com.tm\/index.php?rest_route=\/wp\/v2\/posts\/70692"}],"collection":[{"href":"https:\/\/zamanturkmenistan.com.tm\/index.php?rest_route=\/wp\/v2\/posts"}],"about":[{"href":"https:\/\/zamanturkmenistan.com.tm\/index.php?rest_route=\/wp\/v2\/types\/post"}],"author":[{"embeddable":true,"href":"https:\/\/zamanturkmenistan.com.tm\/index.php?rest_route=\/wp\/v2\/users\/2"}],"replies":[{"embeddable":true,"href":"https:\/\/zamanturkmenistan.com.tm\/index.php?rest_route=%2Fwp%2Fv2%2Fcomments&post=70692"}],"version-history":[{"count":1,"href":"https:\/\/zamanturkmenistan.com.tm\/index.php?rest_route=\/wp\/v2\/posts\/70692\/revisions"}],"predecessor-version":[{"id":70693,"href":"https:\/\/zamanturkmenistan.com.tm\/index.php?rest_route=\/wp\/v2\/posts\/70692\/revisions\/70693"}],"wp:featuredmedia":[{"embeddable":true,"href":"https:\/\/zamanturkmenistan.com.tm\/index.php?rest_route=\/wp\/v2\/media\/68354"}],"wp:attachment":[{"href":"https:\/\/zamanturkmenistan.com.tm\/index.php?rest_route=%2Fwp%2Fv2%2Fmedia&parent=70692"}],"wp:term":[{"taxonomy":"category","embeddable":true,"href":"https:\/\/zamanturkmenistan.com.tm\/index.php?rest_route=%2Fwp%2Fv2%2Fcategories&post=70692"},{"taxonomy":"post_tag","embeddable":true,"href":"https:\/\/zamanturkmenistan.com.tm\/index.php?rest_route=%2Fwp%2Fv2%2Ftags&post=70692"}],"curies":[{"name":"wp","href":"https:\/\/api.w.org\/{rel}","templated":true}]}}