{"id":70694,"date":"2023-01-05T10:57:31","date_gmt":"2023-01-05T05:57:31","guid":{"rendered":"https:\/\/zamanturkmenistan.com.tm\/?p=70694"},"modified":"2023-01-05T10:57:31","modified_gmt":"2023-01-05T05:57:31","slug":"balkan-yuk-gamisi-konteyner-dasamak-ucin-ulanar","status":"publish","type":"post","link":"https:\/\/zamanturkmenistan.com.tm\/?p=70694","title":{"rendered":"\u00abBalkan\u00bb \u00fd\u00fck g\u00e4misi konte\u00fdner da\u015famak \u00fc\u00e7in ulanar"},"content":{"rendered":"<p>T\u00fcrk\u00adme\u00adnis\u00adta\u00adny\u0148 \u00abDe\u00ad\u0148iz s\u00f6w\u00adda flo\u00adty\u00bb \u00fda\u00adpyk g\u00f6r\u00adn\u00fc\u015f\u00adli pa\u00fd\u00addar\u00adlar jem\u00adgy\u00ad\u00fde\u00adti \u015fu a\u00fd\u00addan ba\u015f\u00adlap, \u00abBal\u00adkan\u00bb \u00fd\u00fck g\u00e4\u00admi\u00adsi\u00adni T\u00fcrk\u00admen\u00adba\u00ad\u015fy \u2014 Ba\u00adku \u2014 T\u00fcrk\u00admen\u00adba\u00ad\u015fy ug\u00adry bo\u00ad\u00fdun\u00ad\u00e7a \u00fd\u00fck kon\u00adte\u00fd\u00adner\u00adle\u00adri\u00adni da\u00ad\u015fa\u00admak \u00fc\u00e7in ula\u00adnar.<br \/>\n\u00dde\u00adri ge\u00adlen\u00adde bel\u00adle\u00adsek, hal\u00adka\u00adra \u00fd\u00fck\u00adle\u00adri kon\u00adte\u00fd\u00adner\u00adle\u00adri\u0148 \u00fcs\u00adti bi\u00adlen da\u00ad\u015fa\u00admak nyrh we wagt ba\u00adbat\u00adda amat\u00adly ha\u00adsap\u00adlan\u00ad\u00fdar.<br \/>\nH\u00e4\u00adzir\u00adki wag\u00adta \u00e7en\u00adli T\u00fcrk\u00admen\u00adba\u00ad\u015fy Hal\u00adka\u00adra de\u00ad\u0148iz por\u00adtun\u00adda \u00fdyl\u00adda 400 000 kon\u00adte\u00fd\u00adne\u00adri \u00fcs\u00adta\u00ad\u015fyr ge\u00ad\u00e7ir\u00admek \u00fc\u00e7in \u00e4h\u00adli \u015fert\u00adle\u00adri d\u00f6\u00adre\u00addil\u00addi. \u015eu\u00adnu\u0148 bi\u00adlen bag\u00adly\u00adlyk\u00adda, de\u00ad\u0148iz ter\u00admi\u00adna\u00adly sa\u00adgat\u00adda 15 kon\u00adte\u00fd\u00adne\u00adre hyz\u00admat et\u00adm\u00e4\u00adge ukyp\u00adly STS g\u00f6r\u00adn\u00fc\u015f\u00adli kran\u00adlar bi\u00adlen en\u00adjam\u00adla\u015f\u00addy\u00adry\u00adlan\u00addyr. \u015ee\u00fd\u00adle-de kon\u00adte\u00fd\u00adner e\u00fde\u00adle\u00adri\u00adne amat\u00adly \u015fert\u00adle\u00adri d\u00f6\u00adret\u00admek mak\u00adsa\u00addy bi\u00adlen, ter\u00admi\u00adnal\u00adda kon\u00adte\u00fd\u00adner\u00adle\u00adri\u0148 mugt sak\u00adla\u00adny\u015f m\u00f6h\u00adle\u00adti 60 g\u00fc\u00adne \u00e7en\u00adli uzal\u00addyl\u00addy.<\/p>\n","protected":false},"excerpt":{"rendered":"<p>T\u00fcrk\u00adme\u00adnis\u00adta\u00adny\u0148 \u00abDe\u00ad\u0148iz s\u00f6w\u00adda flo\u00adty\u00bb \u00fda\u00adpyk g\u00f6r\u00adn\u00fc\u015f\u00adli pa\u00fd\u00addar\u00adlar jem\u00adgy\u00ad\u00fde\u00adti \u015fu a\u00fd\u00addan ba\u015f\u00adlap, \u00abBal\u00adkan\u00bb \u00fd\u00fck g\u00e4\u00admi\u00adsi\u00adni T\u00fcrk\u00admen\u00adba\u00ad\u015fy \u2014 Ba\u00adku \u2014 T\u00fcrk\u00admen\u00adba\u00ad\u015fy ug\u00adry bo\u00ad\u00fdun\u00ad\u00e7a \u00fd\u00fck kon\u00adte\u00fd\u00adner\u00adle\u00adri\u00adni da\u00ad\u015fa\u00admak \u00fc\u00e7in ula\u00adnar. \u00dde\u00adri ge\u00adlen\u00adde bel\u00adle\u00adsek, hal\u00adka\u00adra \u00fd\u00fck\u00adle\u00adri kon\u00adte\u00fd\u00adner\u00adle\u00adri\u0148 \u00fcs\u00adti bi\u00adlen da\u00ad\u015fa\u00admak nyrh we wagt ba\u00adbat\u00adda amat\u00adly ha\u00adsap\u00adlan\u00ad\u00fdar. H\u00e4\u00adzir\u00adki wag\u00adta \u00e7en\u00adli T\u00fcrk\u00admen\u00adba\u00ad\u015fy Hal\u00adka\u00adra de\u00ad\u0148iz por\u00adtun\u00adda \u00fdyl\u00adda 400 000 kon\u00adte\u00fd\u00adne\u00adri \u00fcs\u00adta\u00ad\u015fyr ge\u00ad\u00e7ir\u00admek \u00fc\u00e7in [&hellip;]<\/p>\n","protected":false},"author":2,"featured_media":70695,"comment_status":"open","ping_status":"closed","sticky":false,"template":"","format":"standard","meta":{"footnotes":""},"categories":[3],"tags":[],"acf":[],"_links":{"self":[{"href":"https:\/\/zamanturkmenistan.com.tm\/index.php?rest_route=\/wp\/v2\/posts\/70694"}],"collection":[{"href":"https:\/\/zamanturkmenistan.com.tm\/index.php?rest_route=\/wp\/v2\/posts"}],"about":[{"href":"https:\/\/zamanturkmenistan.com.tm\/index.php?rest_route=\/wp\/v2\/types\/post"}],"author":[{"embeddable":true,"href":"https:\/\/zamanturkmenistan.com.tm\/index.php?rest_route=\/wp\/v2\/users\/2"}],"replies":[{"embeddable":true,"href":"https:\/\/zamanturkmenistan.com.tm\/index.php?rest_route=%2Fwp%2Fv2%2Fcomments&post=70694"}],"version-history":[{"count":1,"href":"https:\/\/zamanturkmenistan.com.tm\/index.php?rest_route=\/wp\/v2\/posts\/70694\/revisions"}],"predecessor-version":[{"id":70696,"href":"https:\/\/zamanturkmenistan.com.tm\/index.php?rest_route=\/wp\/v2\/posts\/70694\/revisions\/70696"}],"wp:featuredmedia":[{"embeddable":true,"href":"https:\/\/zamanturkmenistan.com.tm\/index.php?rest_route=\/wp\/v2\/media\/70695"}],"wp:attachment":[{"href":"https:\/\/zamanturkmenistan.com.tm\/index.php?rest_route=%2Fwp%2Fv2%2Fmedia&parent=70694"}],"wp:term":[{"taxonomy":"category","embeddable":true,"href":"https:\/\/zamanturkmenistan.com.tm\/index.php?rest_route=%2Fwp%2Fv2%2Fcategories&post=70694"},{"taxonomy":"post_tag","embeddable":true,"href":"https:\/\/zamanturkmenistan.com.tm\/index.php?rest_route=%2Fwp%2Fv2%2Ftags&post=70694"}],"curies":[{"name":"wp","href":"https:\/\/api.w.org\/{rel}","templated":true}]}}