{"id":70890,"date":"2023-01-10T12:31:46","date_gmt":"2023-01-10T07:31:46","guid":{"rendered":"https:\/\/zamanturkmenistan.com.tm\/?p=70890"},"modified":"2023-01-10T12:31:46","modified_gmt":"2023-01-10T07:31:46","slug":"turkmenistanyn-milli-genesinin-mejlisinin-baslygy-aziyanyn-parlament-assambleyasynyn-mejlisine-gatnasdy","status":"publish","type":"post","link":"https:\/\/zamanturkmenistan.com.tm\/?p=70890","title":{"rendered":"T\u00fcrkmenistany\u0148 Milli Ge\u0148e\u015fini\u0148 Mejlisini\u0148 Ba\u015flygy Azi\u00fdany\u0148 parlament assamble\u00fdasyny\u0148 mejlisine gatna\u015fdy"},"content":{"rendered":"<p><strong>T\u00fcrki\u00fde Respublikasyny\u0148 <\/strong><strong>Antal\u00fda <\/strong><strong>\u015f\u00e4herinde ge\u00e7irilen Azi\u00fdany\u0148 parlament assamble\u00fdasyny\u0148 <\/strong><strong>13-nji mejlisine T\u00fcrkmenistany\u0148 Milli Ge\u0148e\u015fini\u0148 Mejlisini\u0148 Ba\u015flygy G\u00fcl\u015fat M\u00e4mmedowa gatna\u015fdy.<\/strong><\/p>\n<p>T\u00fcrki\u00fd\u00e4ni\u0148 Be\u00fdik Millet Mejlisini\u0148 ba\u015flygy Mustafa \u015eentopy\u0148 ba\u015flyklyk etmeginde ge\u00e7irilen mejlise d\u00fcn\u00fd\u00e4ni\u0148 27 \u00fdurdundan parlament wekili\u00fdetleri gatna\u015fdy.<\/p>\n<p>\u201c\u00dc\u00fdtge\u00fd\u00e4n halkara arenasynda k\u00f6ptaraplylygy \u00f6sd\u00fcrmek\u201d \u015fygary bilen ge\u00e7iril\u00fd\u00e4n Azi\u00fdany\u0148 parlament assamble\u00fdasyny\u0148 Azi\u00fdany\u0148 parlament assamble\u00fdasyny\u0148 ba\u015f sekretary Mohammed Reza Majidi we T\u00fcrki\u00fd\u00e4ni\u0148 Be\u00fdik Millet Mejlisini\u0148 ba\u015flygy \u00e7yky\u015f edip, Azi\u00fdany\u0148 parlament assamble\u00fdasyny\u0148 maksatlary we wezipeleri barada a\u00fdtdylar.<\/p>\n<p>\u00c7yky\u015flarda parlament diplomati\u00fdasyny\u0148 \u00e4hlumumy gi\u0148i\u015flikde k\u00f6p sanly meseleleri \u00e7\u00f6zmekde ygtybarly gurala \u00f6wr\u00fcl\u00fd\u00e4ndigi bellenildi.<\/p>\n<p>Azi\u00fdany\u0148 parlament assamble\u00fdasy 2006-njy \u00fdylda d\u00f6redildi we ol Azi\u00fdany\u0148 parlament assosiasi\u00fdasyny\u0148 oruntutary boldy.<\/p>\n<p>Sapary\u0148 \u00e7\u00e4klerinde T\u00fcrkmenistany\u0148 Milli Ge\u0148e\u015fini\u0148 Mejlisini\u0148 Ba\u015flygy G\u00fcl\u015fat M\u00e4mmedowa T\u00fcrki\u00fd\u00e4ni\u0148 Be\u00fdik Millet Mejlisini\u0148 Ba\u015flygy Mustafa \u015eentop bilen du\u015fu\u015fdy.<\/p>\n","protected":false},"excerpt":{"rendered":"<p>T\u00fcrki\u00fde Respublikasyny\u0148 Antal\u00fda \u015f\u00e4herinde ge\u00e7irilen Azi\u00fdany\u0148 parlament assamble\u00fdasyny\u0148 13-nji mejlisine T\u00fcrkmenistany\u0148 Milli Ge\u0148e\u015fini\u0148 Mejlisini\u0148 Ba\u015flygy G\u00fcl\u015fat M\u00e4mmedowa gatna\u015fdy. T\u00fcrki\u00fd\u00e4ni\u0148 Be\u00fdik Millet Mejlisini\u0148 ba\u015flygy Mustafa \u015eentopy\u0148 ba\u015flyklyk etmeginde ge\u00e7irilen mejlise d\u00fcn\u00fd\u00e4ni\u0148 27 \u00fdurdundan parlament wekili\u00fdetleri gatna\u015fdy. \u201c\u00dc\u00fdtge\u00fd\u00e4n halkara arenasynda k\u00f6ptaraplylygy \u00f6sd\u00fcrmek\u201d \u015fygary bilen ge\u00e7iril\u00fd\u00e4n Azi\u00fdany\u0148 parlament assamble\u00fdasyny\u0148 Azi\u00fdany\u0148 parlament assamble\u00fdasyny\u0148 ba\u015f sekretary Mohammed Reza Majidi we [&hellip;]<\/p>\n","protected":false},"author":2,"featured_media":70891,"comment_status":"open","ping_status":"closed","sticky":false,"template":"","format":"standard","meta":{"footnotes":""},"categories":[3,4],"tags":[],"acf":[],"_links":{"self":[{"href":"https:\/\/zamanturkmenistan.com.tm\/index.php?rest_route=\/wp\/v2\/posts\/70890"}],"collection":[{"href":"https:\/\/zamanturkmenistan.com.tm\/index.php?rest_route=\/wp\/v2\/posts"}],"about":[{"href":"https:\/\/zamanturkmenistan.com.tm\/index.php?rest_route=\/wp\/v2\/types\/post"}],"author":[{"embeddable":true,"href":"https:\/\/zamanturkmenistan.com.tm\/index.php?rest_route=\/wp\/v2\/users\/2"}],"replies":[{"embeddable":true,"href":"https:\/\/zamanturkmenistan.com.tm\/index.php?rest_route=%2Fwp%2Fv2%2Fcomments&post=70890"}],"version-history":[{"count":1,"href":"https:\/\/zamanturkmenistan.com.tm\/index.php?rest_route=\/wp\/v2\/posts\/70890\/revisions"}],"predecessor-version":[{"id":70892,"href":"https:\/\/zamanturkmenistan.com.tm\/index.php?rest_route=\/wp\/v2\/posts\/70890\/revisions\/70892"}],"wp:featuredmedia":[{"embeddable":true,"href":"https:\/\/zamanturkmenistan.com.tm\/index.php?rest_route=\/wp\/v2\/media\/70891"}],"wp:attachment":[{"href":"https:\/\/zamanturkmenistan.com.tm\/index.php?rest_route=%2Fwp%2Fv2%2Fmedia&parent=70890"}],"wp:term":[{"taxonomy":"category","embeddable":true,"href":"https:\/\/zamanturkmenistan.com.tm\/index.php?rest_route=%2Fwp%2Fv2%2Fcategories&post=70890"},{"taxonomy":"post_tag","embeddable":true,"href":"https:\/\/zamanturkmenistan.com.tm\/index.php?rest_route=%2Fwp%2Fv2%2Ftags&post=70890"}],"curies":[{"name":"wp","href":"https:\/\/api.w.org\/{rel}","templated":true}]}}