{"id":71157,"date":"2023-01-17T09:16:19","date_gmt":"2023-01-17T04:16:19","guid":{"rendered":"https:\/\/zamanturkmenistan.com.tm\/?p=71157"},"modified":"2023-01-17T18:05:18","modified_gmt":"2023-01-17T13:05:18","slug":"toyota-ondeligi-eyeleyar","status":"publish","type":"post","link":"https:\/\/zamanturkmenistan.com.tm\/?p=71157","title":{"rendered":"\u00abToyo\u00adta\u00bb \u00f6\u0148\u00adde\u00adli\u00adgi e\u00fde\u00adle\u00ad\u00fd\u00e4r"},"content":{"rendered":"<p>\u00dda\u00adpo\u00adni\u00ad\u00fda\u00adny\u0148 \u00abToyo\u00adta Mo\u00adtor\u00bb kom\u00adpa\u00adni\u00ad\u00fda\u00adsy \u00fc\u00e7 \u00fdyl b\u00e4\u00adri aw\u00adtou\u00adlag\u00ad satuwynda \u00f6\u0148\u00adde\u00adli\u00adgi sak\u00adla\u00adma\u00adgy ba\u00ad\u015far\u00addy. Mu\u00adny \u00abToyo\u00adta\u00bb-ny\u0148 esa\u00adsy b\u00e4s\u00adde\u00ad\u015fi, \u00abVolks\u00adwa\u00adgen Group\u00bb ne\u00admes kor\u00adpo\u00adra\u00adsi\u00ad\u00fda\u00adsy ta\u00adra\u00adpyn\u00addan ne\u00ad\u015fir edi\u00adlen mag\u00adlu\u00admat\u00adlar su\u00adbut ed\u00ad\u00fd\u00e4r.<\/p>\n","protected":false},"excerpt":{"rendered":"<p>\u00dda\u00adpo\u00adni\u00ad\u00fda\u00adny\u0148 \u00abToyo\u00adta Mo\u00adtor\u00bb kom\u00adpa\u00adni\u00ad\u00fda\u00adsy \u00fc\u00e7 \u00fdyl b\u00e4\u00adri aw\u00adtou\u00adlag\u00ad satuwynda \u00f6\u0148\u00adde\u00adli\u00adgi sak\u00adla\u00adma\u00adgy ba\u00ad\u015far\u00addy. Mu\u00adny \u00abToyo\u00adta\u00bb-ny\u0148 esa\u00adsy b\u00e4s\u00adde\u00ad\u015fi, \u00abVolks\u00adwa\u00adgen Group\u00bb ne\u00admes kor\u00adpo\u00adra\u00adsi\u00ad\u00fda\u00adsy ta\u00adra\u00adpyn\u00addan ne\u00ad\u015fir edi\u00adlen mag\u00adlu\u00admat\u00adlar su\u00adbut ed\u00ad\u00fd\u00e4r.<\/p>\n","protected":false},"author":2,"featured_media":65121,"comment_status":"open","ping_status":"closed","sticky":false,"template":"","format":"standard","meta":{"footnotes":""},"categories":[300,5,8],"tags":[],"acf":[],"_links":{"self":[{"href":"https:\/\/zamanturkmenistan.com.tm\/index.php?rest_route=\/wp\/v2\/posts\/71157"}],"collection":[{"href":"https:\/\/zamanturkmenistan.com.tm\/index.php?rest_route=\/wp\/v2\/posts"}],"about":[{"href":"https:\/\/zamanturkmenistan.com.tm\/index.php?rest_route=\/wp\/v2\/types\/post"}],"author":[{"embeddable":true,"href":"https:\/\/zamanturkmenistan.com.tm\/index.php?rest_route=\/wp\/v2\/users\/2"}],"replies":[{"embeddable":true,"href":"https:\/\/zamanturkmenistan.com.tm\/index.php?rest_route=%2Fwp%2Fv2%2Fcomments&post=71157"}],"version-history":[{"count":1,"href":"https:\/\/zamanturkmenistan.com.tm\/index.php?rest_route=\/wp\/v2\/posts\/71157\/revisions"}],"predecessor-version":[{"id":71158,"href":"https:\/\/zamanturkmenistan.com.tm\/index.php?rest_route=\/wp\/v2\/posts\/71157\/revisions\/71158"}],"wp:featuredmedia":[{"embeddable":true,"href":"https:\/\/zamanturkmenistan.com.tm\/index.php?rest_route=\/wp\/v2\/media\/65121"}],"wp:attachment":[{"href":"https:\/\/zamanturkmenistan.com.tm\/index.php?rest_route=%2Fwp%2Fv2%2Fmedia&parent=71157"}],"wp:term":[{"taxonomy":"category","embeddable":true,"href":"https:\/\/zamanturkmenistan.com.tm\/index.php?rest_route=%2Fwp%2Fv2%2Fcategories&post=71157"},{"taxonomy":"post_tag","embeddable":true,"href":"https:\/\/zamanturkmenistan.com.tm\/index.php?rest_route=%2Fwp%2Fv2%2Ftags&post=71157"}],"curies":[{"name":"wp","href":"https:\/\/api.w.org\/{rel}","templated":true}]}}