{"id":7117,"date":"2017-04-24T10:03:40","date_gmt":"2017-04-24T10:03:40","guid":{"rendered":"http:\/\/zamanturkmenistan.com\/?p=7117"},"modified":"2017-04-24T10:03:40","modified_gmt":"2017-04-24T10:03:40","slug":"rus%c2%adsi%c2%adya-we-yew%c2%adro%c2%adpa-sa%c2%adpa%c2%adry","status":"publish","type":"post","link":"https:\/\/zamanturkmenistan.com.tm\/?p=7117","title":{"rendered":"Rus\u00adsi\u00ad\u00fda we \u00ddew\u00adro\u00adpa sa\u00adpa\u00adry"},"content":{"rendered":"<p>\u00dda\u00adpo\u00adni\u00ad\u00fda\u00adny\u0148 Prem\u00ad\u00fder-mi\u00adnist\u00adri Sind\u00adzo Abe ap\u00adrel a\u00fdy\u00adny\u0148 ahy\u00adryn\u00adda we ma\u00fd a\u00fdy\u00adny\u0148 ba\u00ad\u015fyn\u00adda Rus\u00adsi\u00ad\u00fda\u00adda we \u00ddew\u00adro\u00adpa \u00fdurt\u00adla\u00adryn\u00adda sa\u00adpar\u00adda bo\u00adlar. Ol \u015fu \u00fdy\u00adly\u0148 27-28-nji ap\u00adre\u00adlin\u00adde Rus\u00adsi\u00ad\u00fda sa\u00adpa\u00adra ba\u00adryp, \u00fdur\u00addu\u0148 Pre\u00adzi\u00adden\u00adti Wla\u00addi\u00admir Pu\u00adtin bi\u00adlen du\u00ad\u015fu\u00ad\u015far. Onu\u0148 g\u00fcn ter\u00adti\u00adbi\u00adne bi\u00adle\u00adlik\u00add\u00e4\u00adki yk\u00addy\u00adsa\u00addy tas\u00adla\u00adma\u00adlar gi\u00adri\u00adzi\u00adler.<br \/>\n\u00dda\u00adpon Prem\u00ad\u00fder-mi\u00adnist\u00adri bu sa\u00adpa\u00adry\u00adny ta\u00admam\u00adlap, Be\u00ad\u00fdik Bri\u00adta\u00adni\u00ad\u00fda ba\u00adrar we ol \u00fder\u00adde Prem\u00ad\u00fder-mi\u00adnistr Te\u00adre\u00adza Me\u00fd bi\u00adlen gep\u00adle\u00ad\u015fik\u00adler ge\u00ad\u00e7i\u00adrer.<\/p>\n","protected":false},"excerpt":{"rendered":"<p>\u00dda\u00adpo\u00adni\u00ad\u00fda\u00adny\u0148 Prem\u00ad\u00fder-mi\u00adnist\u00adri Sind\u00adzo Abe ap\u00adrel a\u00fdy\u00adny\u0148 ahy\u00adryn\u00adda we ma\u00fd a\u00fdy\u00adny\u0148 ba\u00ad\u015fyn\u00adda Rus\u00adsi\u00ad\u00fda\u00adda we \u00ddew\u00adro\u00adpa \u00fdurt\u00adla\u00adryn\u00adda sa\u00adpar\u00adda bo\u00adlar. Ol \u015fu \u00fdy\u00adly\u0148 27-28-nji ap\u00adre\u00adlin\u00adde Rus\u00adsi\u00ad\u00fda sa\u00adpa\u00adra ba\u00adryp, \u00fdur\u00addu\u0148 Pre\u00adzi\u00adden\u00adti Wla\u00addi\u00admir Pu\u00adtin bi\u00adlen du\u00ad\u015fu\u00ad\u015far. Onu\u0148 g\u00fcn ter\u00adti\u00adbi\u00adne bi\u00adle\u00adlik\u00add\u00e4\u00adki yk\u00addy\u00adsa\u00addy tas\u00adla\u00adma\u00adlar gi\u00adri\u00adzi\u00adler. \u00dda\u00adpon Prem\u00ad\u00fder-mi\u00adnist\u00adri bu sa\u00adpa\u00adry\u00adny ta\u00admam\u00adlap, Be\u00ad\u00fdik Bri\u00adta\u00adni\u00ad\u00fda ba\u00adrar we ol \u00fder\u00adde Prem\u00ad\u00fder-mi\u00adnistr Te\u00adre\u00adza Me\u00fd bi\u00adlen gep\u00adle\u00ad\u015fik\u00adler ge\u00ad\u00e7i\u00adrer.<\/p>\n","protected":false},"author":1,"featured_media":7118,"comment_status":"open","ping_status":"closed","sticky":false,"template":"","format":"standard","meta":{"footnotes":""},"categories":[5],"tags":[],"acf":[],"_links":{"self":[{"href":"https:\/\/zamanturkmenistan.com.tm\/index.php?rest_route=\/wp\/v2\/posts\/7117"}],"collection":[{"href":"https:\/\/zamanturkmenistan.com.tm\/index.php?rest_route=\/wp\/v2\/posts"}],"about":[{"href":"https:\/\/zamanturkmenistan.com.tm\/index.php?rest_route=\/wp\/v2\/types\/post"}],"author":[{"embeddable":true,"href":"https:\/\/zamanturkmenistan.com.tm\/index.php?rest_route=\/wp\/v2\/users\/1"}],"replies":[{"embeddable":true,"href":"https:\/\/zamanturkmenistan.com.tm\/index.php?rest_route=%2Fwp%2Fv2%2Fcomments&post=7117"}],"version-history":[{"count":0,"href":"https:\/\/zamanturkmenistan.com.tm\/index.php?rest_route=\/wp\/v2\/posts\/7117\/revisions"}],"wp:featuredmedia":[{"embeddable":true,"href":"https:\/\/zamanturkmenistan.com.tm\/index.php?rest_route=\/wp\/v2\/media\/7118"}],"wp:attachment":[{"href":"https:\/\/zamanturkmenistan.com.tm\/index.php?rest_route=%2Fwp%2Fv2%2Fmedia&parent=7117"}],"wp:term":[{"taxonomy":"category","embeddable":true,"href":"https:\/\/zamanturkmenistan.com.tm\/index.php?rest_route=%2Fwp%2Fv2%2Fcategories&post=7117"},{"taxonomy":"post_tag","embeddable":true,"href":"https:\/\/zamanturkmenistan.com.tm\/index.php?rest_route=%2Fwp%2Fv2%2Ftags&post=7117"}],"curies":[{"name":"wp","href":"https:\/\/api.w.org\/{rel}","templated":true}]}}