{"id":71355,"date":"2023-01-20T11:19:50","date_gmt":"2023-01-20T06:19:50","guid":{"rendered":"https:\/\/zamanturkmenistan.com.tm\/?p=71355"},"modified":"2023-01-20T11:30:40","modified_gmt":"2023-01-20T06:30:40","slug":"jasinda-ardernin-karary","status":"publish","type":"post","link":"https:\/\/zamanturkmenistan.com.tm\/?p=71355","title":{"rendered":"Jasinda Ardern i\u015finden \u00e7ekiler"},"content":{"rendered":"<p>T\u00e4\u00adze Ze\u00adlan\u00addi\u00ad\u00fda\u00adny\u0148 Prem\u00ad\u00fder-mi\u00adnist\u00adri Ja\u00adsin\u00adda Ar\u00addern i\u015fin\u00adden i\u015fin\u00adden \u00e7e\u00adkil\u00admek\u00ad\u00e7i\u00addi\u00adgi ba\u00adra\u00adda\u00adky ka\u00adra\u00adry\u00adny m\u00e4\u00adlim et\u00addi. H\u00f6\u00adk\u00fc\u00admet ba\u015f\u00adly\u00adgy\u00adny\u0148 s\u00f6z\u00adle\u00adri\u00adne g\u00f6\u00adr\u00e4, onu\u0148 bu we\u00adzi\u00adp\u00e4 ga\u00fd\u00adta\u00addan sa\u00fd\u00adlan\u00admak ni\u00ad\u00fde\u00adti \u00fdok. Ja\u00adsin\u00adda \u00f6z eden \u00e7y\u00adky\u00ad\u015fyn\u00adda:<br \/>\n-Me\u00adni\u0148 Prem\u00ad\u00fder-mi\u00adnistr\u00adlik m\u00f6h\u00adle\u00adtim 7-nji few\u00adral\u00addan gi\u00adj\u00e4 gal\u00adman gu\u00adta\u00adrar &#8211; di\u00fd\u00addi.<br \/>\nAr\u00addern \u00e7y\u00adky\u00ad\u015fy\u00adny\u0148 do\u00adwa\u00admyn\u00adda T\u00e4\u00adze Ze\u00adlan\u00addi\u00ad\u00fda\u00adda \u00e4h\u00adlu\u00admu\u00admy sa\u00fd\u00adlaw\u00adla\u00adry\u0148 14-nji okt\u00ad\u00fdabr\u00adda ge\u00ad\u00e7i\u00adril\u00adjek\u00addi\u00adgi\u00adni a\u00fdt\u00addy.<br \/>\nAr\u00addern T\u00e4\u00adze Ze\u00adlan\u00addi\u00ad\u00fda\u00adny\u0148 Z\u00e4h\u00admet par\u00adti\u00ad\u00fda\u00adsy\u00adny\u0148 \u00fdol\u00adba\u015f\u00ad\u00e7y\u00adsy\u00addyr. Ol Prem\u00ad\u00fder-mi\u00adnistr we\u00adzi\u00adpe\u00adsi\u00adni 2017-nji \u00fdy\u00adly\u0148 g\u00fc\u00fd\u00adz\u00fcn\u00adden b\u00e4\u00adri e\u00fde\u00adl\u00e4p gel\u00ad\u00fd\u00e4r.<br \/>\n2022-nji \u00fdy\u00adly\u0148 okt\u00ad\u00fdabr a\u00fdyn\u00adda T\u00e4\u00adze Ze\u00adlan\u00addi\u00ad\u00fda\u00adny\u0148 par\u00adla\u00admen\u00adtin\u00adde ta\u00adryh\u00adda il\u00adkin\u00adji ge\u00adzek er\u00adkek\u00adle\u00adre ga\u00adra\u00adny\u0148\u00adda, ze\u00adnan ka\u00adnun \u00e7y\u00adka\u00adry\u00adjy\u00adla\u00adry\u0148 k\u00f6p\u00add\u00fc\u00adgi ha\u00adbar be\u00adril\u00addi.<\/p>\n","protected":false},"excerpt":{"rendered":"<p>T\u00e4\u00adze Ze\u00adlan\u00addi\u00ad\u00fda\u00adny\u0148 Prem\u00ad\u00fder-mi\u00adnist\u00adri Ja\u00adsin\u00adda Ar\u00addern i\u015fin\u00adden i\u015fin\u00adden \u00e7e\u00adkil\u00admek\u00ad\u00e7i\u00addi\u00adgi ba\u00adra\u00adda\u00adky ka\u00adra\u00adry\u00adny m\u00e4\u00adlim et\u00addi. H\u00f6\u00adk\u00fc\u00admet ba\u015f\u00adly\u00adgy\u00adny\u0148 s\u00f6z\u00adle\u00adri\u00adne g\u00f6\u00adr\u00e4, onu\u0148 bu we\u00adzi\u00adp\u00e4 ga\u00fd\u00adta\u00addan sa\u00fd\u00adlan\u00admak ni\u00ad\u00fde\u00adti \u00fdok. Ja\u00adsin\u00adda \u00f6z eden \u00e7y\u00adky\u00ad\u015fyn\u00adda: -Me\u00adni\u0148 Prem\u00ad\u00fder-mi\u00adnistr\u00adlik m\u00f6h\u00adle\u00adtim 7-nji few\u00adral\u00addan gi\u00adj\u00e4 gal\u00adman gu\u00adta\u00adrar &#8211; di\u00fd\u00addi. Ar\u00addern \u00e7y\u00adky\u00ad\u015fy\u00adny\u0148 do\u00adwa\u00admyn\u00adda T\u00e4\u00adze Ze\u00adlan\u00addi\u00ad\u00fda\u00adda \u00e4h\u00adlu\u00admu\u00admy sa\u00fd\u00adlaw\u00adla\u00adry\u0148 14-nji okt\u00ad\u00fdabr\u00adda ge\u00ad\u00e7i\u00adril\u00adjek\u00addi\u00adgi\u00adni a\u00fdt\u00addy. Ar\u00addern T\u00e4\u00adze Ze\u00adlan\u00addi\u00ad\u00fda\u00adny\u0148 Z\u00e4h\u00admet par\u00adti\u00ad\u00fda\u00adsy\u00adny\u0148 \u00fdol\u00adba\u015f\u00ad\u00e7y\u00adsy\u00addyr. Ol [&hellip;]<\/p>\n","protected":false},"author":2,"featured_media":71356,"comment_status":"open","ping_status":"closed","sticky":false,"template":"","format":"standard","meta":{"footnotes":""},"categories":[5],"tags":[],"acf":[],"_links":{"self":[{"href":"https:\/\/zamanturkmenistan.com.tm\/index.php?rest_route=\/wp\/v2\/posts\/71355"}],"collection":[{"href":"https:\/\/zamanturkmenistan.com.tm\/index.php?rest_route=\/wp\/v2\/posts"}],"about":[{"href":"https:\/\/zamanturkmenistan.com.tm\/index.php?rest_route=\/wp\/v2\/types\/post"}],"author":[{"embeddable":true,"href":"https:\/\/zamanturkmenistan.com.tm\/index.php?rest_route=\/wp\/v2\/users\/2"}],"replies":[{"embeddable":true,"href":"https:\/\/zamanturkmenistan.com.tm\/index.php?rest_route=%2Fwp%2Fv2%2Fcomments&post=71355"}],"version-history":[{"count":2,"href":"https:\/\/zamanturkmenistan.com.tm\/index.php?rest_route=\/wp\/v2\/posts\/71355\/revisions"}],"predecessor-version":[{"id":71365,"href":"https:\/\/zamanturkmenistan.com.tm\/index.php?rest_route=\/wp\/v2\/posts\/71355\/revisions\/71365"}],"wp:featuredmedia":[{"embeddable":true,"href":"https:\/\/zamanturkmenistan.com.tm\/index.php?rest_route=\/wp\/v2\/media\/71356"}],"wp:attachment":[{"href":"https:\/\/zamanturkmenistan.com.tm\/index.php?rest_route=%2Fwp%2Fv2%2Fmedia&parent=71355"}],"wp:term":[{"taxonomy":"category","embeddable":true,"href":"https:\/\/zamanturkmenistan.com.tm\/index.php?rest_route=%2Fwp%2Fv2%2Fcategories&post=71355"},{"taxonomy":"post_tag","embeddable":true,"href":"https:\/\/zamanturkmenistan.com.tm\/index.php?rest_route=%2Fwp%2Fv2%2Ftags&post=71355"}],"curies":[{"name":"wp","href":"https:\/\/api.w.org\/{rel}","templated":true}]}}