{"id":71364,"date":"2023-01-20T11:36:56","date_gmt":"2023-01-20T06:36:56","guid":{"rendered":"https:\/\/zamanturkmenistan.com.tm\/?p=71364"},"modified":"2023-01-20T11:36:56","modified_gmt":"2023-01-20T06:36:56","slug":"prezidentin-wezipesini-yerine-yetirer","status":"publish","type":"post","link":"https:\/\/zamanturkmenistan.com.tm\/?p=71364","title":{"rendered":"Prezidenti\u0148 wezipesini \u00fderine \u00fdetirer"},"content":{"rendered":"<p>W\u00fdet\u00adnam So\u00adsia\u00adlis\u00adtik Res\u00adpub\u00adli\u00adka\u00adsy\u00adny\u0148 wi\u00adse-pre\u00adzi\u00adden\u00adti Wo Thi An Su\u00adan \u00fdurt\u00adda t\u00e4\u00adze pre\u00adzi\u00addent sa\u00fd\u00adlan\u00ad\u00fdan\u00ad\u00e7a d\u00f6w\u00adlet Ba\u015f\u00adtu\u00adta\u00adny we\u00adzi\u00adpe\u00adsi\u00adne bel\u00adlen\u00addi. Bu ba\u00adra\u00adda Mil\u00adli mej\u00adli\u00adsi\u0148 (bir pa\u00adla\u00adta\u00adly mej\u00adlis) ba\u015f\u00adly\u00adgy Wuong Din H\u00fdue m\u00e4\u00adlim et\u00addi. Mun\u00addan \u00f6\u0148 \u00fdur\u00addu\u0148 \u00f6\u0148\u00adki d\u00f6w\u00adlet Ba\u015f\u00adtu\u00adta\u00adny Nguen Su\u00adan Fuk we\u00adzi\u00adpe\u00adsin\u00adden \u00e7e\u00adkil\u00ad\u00fd\u00e4n\u00addi\u00adgi\u00adni m\u00e4\u00adlim edip\u00addi. Ol 2021-nji \u00fdyl\u00addan b\u00e4\u00adri \u00fdur\u00adda \u00fdol\u00adba\u015f\u00ad\u00e7y\u00adlyk edip gel\u00ad\u00fd\u00e4r\u00addi. 2016-njy \u00fdyl\u00addan b\u00e4\u00adri W\u00fdet\u00adnam So\u00adsia\u00adlis\u00adtik Res\u00adpub\u00adli\u00adka\u00adsy\u00adny\u0148 Prem\u00ad\u00fder-mi\u00adnist\u00adri bo\u00adlup i\u015f\u00adl\u00e4n 69 \u00fda\u015f\u00adly Nguen Su\u00adan Fuk h\u00e4\u00adzir\u00adki W\u00fdet\u00adna\u00admy\u0148 ta\u00adry\u00adhyn\u00adda sa\u00fd\u00adlan\u00admaz\u00addan ozal \u00fdur\u00addu\u0148 h\u00f6\u00adk\u00fc\u00adme\u00adti\u00adne \u00fdol\u00adba\u015f\u00ad\u00e7y\u00adlyk eden il\u00adkin\u00adji pre\u00adzi\u00addent bol\u00addy.<br \/>\nW\u00fdet\u00adnam hin\u00addi-\u00adhy\u00adta\u00fd \u00fda\u00adrym ada\u00adsyn\u00adda \u00fder\u00adle\u015f\u00ad\u00fd\u00e4n g\u00fc\u00adnor\u00adta-g\u00fcn\u00addo\u00adgar Azi\u00ad\u00fda\u00ad d\u00f6w\u00adleti bolup, g\u00fcn\u00adba\u00adtar\u00adda La\u00ados we Kam\u00adbo\u00adja, de\u00admir\u00adga\u00adzyk\u00adda Hy\u00adta\u00fd, g\u00fcn\u00addo\u00adgar\u00adda we g\u00fc\u00adnor\u00adta\u00adda G\u00fc\u00adnor\u00adta Hy\u00adta\u00fd de\u0148\u00adzi bi\u00adlen ser\u00adhet\u00adle\u015f\u00ad\u00fd\u00e4r. H\u00e4\u00adzir\u00adki wagt\u00adda W\u00fdet\u00adna\u00admy\u0148 ila\u00adty 99 mil\u00adli\u00adon adam\u00addan ge\u00e7\u00ad\u00fd\u00e4r, bu hem ony ilat sa\u00adny bo\u00ad\u00fdun\u00ad\u00e7a d\u00fcn\u00ad\u00fd\u00e4\u00adde 15-nji, Azi\u00ad\u00fda se\u00adbi\u00adtin\u00adde 8-nji we G\u00fc\u00adnor\u00adta-G\u00fcn\u00addo\u00adgar Azi\u00ad\u00fda\u00adda \u00fc\u00e7\u00fcn\u00adji \u00fdurt h\u00f6k\u00adm\u00fcn\u00adde \u00f6\u0148e \u00e7y\u00adkar\u00ad\u00fdar. \u015eu \u00fdyl W\u00fdet\u00adnam\u00adda ilat sa\u00adny\u00adny\u0148 100 mil\u00adlio\u00adna \u00fdet\u00adme\u00adgi\u00adne ga\u00adra\u00ad\u015fyl\u00ad\u00fdar.<\/p>\n","protected":false},"excerpt":{"rendered":"<p>W\u00fdet\u00adnam So\u00adsia\u00adlis\u00adtik Res\u00adpub\u00adli\u00adka\u00adsy\u00adny\u0148 wi\u00adse-pre\u00adzi\u00adden\u00adti Wo Thi An Su\u00adan \u00fdurt\u00adda t\u00e4\u00adze pre\u00adzi\u00addent sa\u00fd\u00adlan\u00ad\u00fdan\u00ad\u00e7a d\u00f6w\u00adlet Ba\u015f\u00adtu\u00adta\u00adny we\u00adzi\u00adpe\u00adsi\u00adne bel\u00adlen\u00addi. Bu ba\u00adra\u00adda Mil\u00adli mej\u00adli\u00adsi\u0148 (bir pa\u00adla\u00adta\u00adly mej\u00adlis) ba\u015f\u00adly\u00adgy Wuong Din H\u00fdue m\u00e4\u00adlim et\u00addi. Mun\u00addan \u00f6\u0148 \u00fdur\u00addu\u0148 \u00f6\u0148\u00adki d\u00f6w\u00adlet Ba\u015f\u00adtu\u00adta\u00adny Nguen Su\u00adan Fuk we\u00adzi\u00adpe\u00adsin\u00adden \u00e7e\u00adkil\u00ad\u00fd\u00e4n\u00addi\u00adgi\u00adni m\u00e4\u00adlim edip\u00addi. Ol 2021-nji \u00fdyl\u00addan b\u00e4\u00adri \u00fdur\u00adda \u00fdol\u00adba\u015f\u00ad\u00e7y\u00adlyk edip gel\u00ad\u00fd\u00e4r\u00addi. 2016-njy \u00fdyl\u00addan b\u00e4\u00adri W\u00fdet\u00adnam So\u00adsia\u00adlis\u00adtik [&hellip;]<\/p>\n","protected":false},"author":2,"featured_media":71368,"comment_status":"open","ping_status":"closed","sticky":false,"template":"","format":"standard","meta":{"footnotes":""},"categories":[5],"tags":[],"acf":[],"_links":{"self":[{"href":"https:\/\/zamanturkmenistan.com.tm\/index.php?rest_route=\/wp\/v2\/posts\/71364"}],"collection":[{"href":"https:\/\/zamanturkmenistan.com.tm\/index.php?rest_route=\/wp\/v2\/posts"}],"about":[{"href":"https:\/\/zamanturkmenistan.com.tm\/index.php?rest_route=\/wp\/v2\/types\/post"}],"author":[{"embeddable":true,"href":"https:\/\/zamanturkmenistan.com.tm\/index.php?rest_route=\/wp\/v2\/users\/2"}],"replies":[{"embeddable":true,"href":"https:\/\/zamanturkmenistan.com.tm\/index.php?rest_route=%2Fwp%2Fv2%2Fcomments&post=71364"}],"version-history":[{"count":1,"href":"https:\/\/zamanturkmenistan.com.tm\/index.php?rest_route=\/wp\/v2\/posts\/71364\/revisions"}],"predecessor-version":[{"id":71369,"href":"https:\/\/zamanturkmenistan.com.tm\/index.php?rest_route=\/wp\/v2\/posts\/71364\/revisions\/71369"}],"wp:featuredmedia":[{"embeddable":true,"href":"https:\/\/zamanturkmenistan.com.tm\/index.php?rest_route=\/wp\/v2\/media\/71368"}],"wp:attachment":[{"href":"https:\/\/zamanturkmenistan.com.tm\/index.php?rest_route=%2Fwp%2Fv2%2Fmedia&parent=71364"}],"wp:term":[{"taxonomy":"category","embeddable":true,"href":"https:\/\/zamanturkmenistan.com.tm\/index.php?rest_route=%2Fwp%2Fv2%2Fcategories&post=71364"},{"taxonomy":"post_tag","embeddable":true,"href":"https:\/\/zamanturkmenistan.com.tm\/index.php?rest_route=%2Fwp%2Fv2%2Ftags&post=71364"}],"curies":[{"name":"wp","href":"https:\/\/api.w.org\/{rel}","templated":true}]}}