{"id":71393,"date":"2023-01-20T12:30:51","date_gmt":"2023-01-20T07:30:51","guid":{"rendered":"https:\/\/zamanturkmenistan.com.tm\/?p=71393"},"modified":"2023-01-20T12:30:51","modified_gmt":"2023-01-20T07:30:51","slug":"cagyl-yatagyndaky-demrin-gory-anyklanar","status":"publish","type":"post","link":"https:\/\/zamanturkmenistan.com.tm\/?p=71393","title":{"rendered":"\u201c\u00c7agyl\u201d \u00fdatagyndaky demri\u0148 gory anyklanar"},"content":{"rendered":"<p>19-njy \u00fdanwarda ge\u00e7irilen sanly ulgam arkaly Ministrler Kabinetini\u0148 mejlisinde\u00a0 Ministrler Kabinetini\u0148 Ba\u015flygyny\u0148 orunbasary \u00c7.Pur\u00e7ekow g\u00f6zeg\u00e7ilik ed\u00fd\u00e4n d\u00fcz\u00fcmlerind\u00e4ki i\u015fleri\u0148 \u00fdagda\u00fdy barada hasabat berdi. Bellenili\u015fi \u00fdaly, alnyp barlan ylmy-barlag i\u015flerini\u0148 netijesinde Balkan wela\u00fdatyny\u0148 T\u00fcrkmenba\u015fy etrabynda \u00fderle\u015f\u00fd\u00e4n \u201c\u00c7agyl\u201d \u00fdatagyny\u0148 demir magdanlaryny ba\u00fdla\u015fdyrmak arkaly zawodlary\u0148 \u00f6n\u00fcm\u00e7iliginde \u00e7ig mal h\u00f6km\u00fcnde ulanyl\u00fdan demir oksidini almak m\u00fcmkin\u00e7iligini\u0148 bardygy anyklanyldy. \u015eunu\u0148 bilen baglylykda, bu \u00fdatagy\u0148 demir magdanlaryny\u0148 bar bolan goruny tassyklamak, taslamany\u0148 tehniki-ykdysady esaslandyrmasyny i\u015fl\u00e4p d\u00fczmek \u00fc\u00e7in maslahat beriji kompani\u00fdany sa\u00fdlap almak bo\u00fdun\u00e7a halkara b\u00e4sle\u015figi ge\u00e7irmek me\u00fdille\u015fdiril\u00fd\u00e4r.<\/p>\n<p>Hormatly Prezidentimiz hasabaty di\u0148l\u00e4p, degi\u015fli meseleleri i\u00e7gin \u00f6wrenmegi\u0148 we da\u015fary \u00fdurtlardan getiril\u00fd\u00e4n harytlary\u0148 ornuny tut\u00fdan \u00f6n\u00fcmleri\u0148 \u00f6n\u00fcm\u00e7iliginde ulanyl\u00fdan \u00fderli \u00e7ig mal seri\u015fdelerini mundan be\u00fdl\u00e4k-de \u00f6zle\u015fdirmegi\u0148 zerurdygyny belledi hem-de wise-prem\u00fdere bu ugurda alnyp baryl\u00fdan i\u015fleri dowam etdirmegi tab\u015fyrdy.<\/p>\n","protected":false},"excerpt":{"rendered":"<p>19-njy \u00fdanwarda ge\u00e7irilen sanly ulgam arkaly Ministrler Kabinetini\u0148 mejlisinde\u00a0 Ministrler Kabinetini\u0148 Ba\u015flygyny\u0148 orunbasary \u00c7.Pur\u00e7ekow g\u00f6zeg\u00e7ilik ed\u00fd\u00e4n d\u00fcz\u00fcmlerind\u00e4ki i\u015fleri\u0148 \u00fdagda\u00fdy barada hasabat berdi. Bellenili\u015fi \u00fdaly, alnyp barlan ylmy-barlag i\u015flerini\u0148 netijesinde Balkan wela\u00fdatyny\u0148 T\u00fcrkmenba\u015fy etrabynda \u00fderle\u015f\u00fd\u00e4n \u201c\u00c7agyl\u201d \u00fdatagyny\u0148 demir magdanlaryny ba\u00fdla\u015fdyrmak arkaly zawodlary\u0148 \u00f6n\u00fcm\u00e7iliginde \u00e7ig mal h\u00f6km\u00fcnde ulanyl\u00fdan demir oksidini almak m\u00fcmkin\u00e7iligini\u0148 bardygy anyklanyldy. \u015eunu\u0148 bilen baglylykda, [&hellip;]<\/p>\n","protected":false},"author":2,"featured_media":71394,"comment_status":"open","ping_status":"closed","sticky":false,"template":"","format":"standard","meta":{"footnotes":""},"categories":[3],"tags":[],"acf":[],"_links":{"self":[{"href":"https:\/\/zamanturkmenistan.com.tm\/index.php?rest_route=\/wp\/v2\/posts\/71393"}],"collection":[{"href":"https:\/\/zamanturkmenistan.com.tm\/index.php?rest_route=\/wp\/v2\/posts"}],"about":[{"href":"https:\/\/zamanturkmenistan.com.tm\/index.php?rest_route=\/wp\/v2\/types\/post"}],"author":[{"embeddable":true,"href":"https:\/\/zamanturkmenistan.com.tm\/index.php?rest_route=\/wp\/v2\/users\/2"}],"replies":[{"embeddable":true,"href":"https:\/\/zamanturkmenistan.com.tm\/index.php?rest_route=%2Fwp%2Fv2%2Fcomments&post=71393"}],"version-history":[{"count":1,"href":"https:\/\/zamanturkmenistan.com.tm\/index.php?rest_route=\/wp\/v2\/posts\/71393\/revisions"}],"predecessor-version":[{"id":71395,"href":"https:\/\/zamanturkmenistan.com.tm\/index.php?rest_route=\/wp\/v2\/posts\/71393\/revisions\/71395"}],"wp:featuredmedia":[{"embeddable":true,"href":"https:\/\/zamanturkmenistan.com.tm\/index.php?rest_route=\/wp\/v2\/media\/71394"}],"wp:attachment":[{"href":"https:\/\/zamanturkmenistan.com.tm\/index.php?rest_route=%2Fwp%2Fv2%2Fmedia&parent=71393"}],"wp:term":[{"taxonomy":"category","embeddable":true,"href":"https:\/\/zamanturkmenistan.com.tm\/index.php?rest_route=%2Fwp%2Fv2%2Fcategories&post=71393"},{"taxonomy":"post_tag","embeddable":true,"href":"https:\/\/zamanturkmenistan.com.tm\/index.php?rest_route=%2Fwp%2Fv2%2Ftags&post=71393"}],"curies":[{"name":"wp","href":"https:\/\/api.w.org\/{rel}","templated":true}]}}