{"id":71707,"date":"2023-01-26T17:26:49","date_gmt":"2023-01-26T12:26:49","guid":{"rendered":"https:\/\/zamanturkmenistan.com.tm\/?p=71707"},"modified":"2023-01-27T15:41:38","modified_gmt":"2023-01-27T10:41:38","slug":"taze-gazgeciriji-gurlar","status":"publish","type":"post","link":"https:\/\/zamanturkmenistan.com.tm\/?p=71707","title":{"rendered":"Su\u00adwuk\u00adlan\u00addy\u00adry\u00adlan gaz sa\u00adtyn alar"},"content":{"rendered":"<p>AB\u015e su\u00adwuk\u00adlan\u00addy\u00adry\u00adlan gaz sa\u00adtu\u00adwyn\u00adda d\u00fcn\u00ad\u00fd\u00e4\u00adni\u0148 \u00f6\u0148\u00adde\u00adba\u00adry\u00adjy \u00fdurt\u00adla\u00adry\u00adny\u0148 bi\u00adri\u00addir. AB\u015e \u00f6z\u00fc\u00adni\u0148 su\u00adwuk\u00adlan\u00addy\u00adry\u00adlan ga\u00adzy\u00adny \u00ddew\u00adro\u00adpa \u00fdurt\u00adla\u00adry\u00adna iber\u00adme\u00adgi\u00adni do\u00adwam et\u00addir\u00ad\u00fd\u00e4r. Bu ugur\u00adda ozal Ger\u00adma\u00adni\u00ad\u00fda bi\u00adlen uzak\u00adm\u00f6h\u00adlet\u00adle\u00ad\u00fdin \u015fert\u00adna\u00adma bag\u00adla\u00ad\u015fan ame\u00adri\u00adkan kom\u00adpa\u00adni\u00ad\u00fda\u00adla\u00adry \u00ddew\u00adro\u00adpa se\u00adbi\u00adtin\u00adde Pol\u00ad\u015fa bi\u00adlen hem bu ugur\u00adda yla\u00adla\u00ad\u015fyk ga\u00adzan\u00addy.<br \/>\nPol\u00ad\u015fa\u00adny\u0148 \u00abOr\u00adlen\u00bb kom\u00adpa\u00adni\u00ad\u00fda\u00adsy AB\u015e-ny\u0148 \u00abSemp\u00adra\u00bb kom\u00adpa\u00adni\u00ad\u00fda\u00adsy bi\u00adlen su\u00adwuk\u00adlan\u00addy\u00adry\u00adlan te\u00adbi\u00adgy ga\u00adzy uzak\u00adm\u00f6h\u00adlet\u00adle\u00ad\u00fdin esas\u00adda \u00fcp\u00adj\u00fcn et\u00admek bo\u00ad\u00fdun\u00ad\u00e7a \u015fert\u00adna\u00adma bag\u00adla\u015f\u00addy. War\u00ad\u015fa\u00adwa\u00adda gol \u00e7e\u00adki\u00adlen res\u00admi\u00adna\u00adma la\u00ad\u00fdyk\u00adlyk\u00adda, AB\u015e-dan 20 \u00fdy\u00adly\u0148 do\u00adwa\u00admyn\u00adda her \u00fdyl 1 mil\u00adli\u00adon ton\u00adna su\u00adwuk\u00adlan\u00addy\u00adry\u00adlan gaz sa\u00adtyn al\u00adnar.<\/p>\n<p style=\"text-align: right;\"><strong>My\u00adrat BER\u00adDI\u00ad\u00ddEW, <\/strong><br \/>\n<strong>T\u00fcrk\u00admen d\u00f6w\u00adlet bi\u00adna\u00adg\u00e4r\u00adlik-gur\u00adlu\u00ad\u015fyk ins\u00adti\u00adtu\u00adty\u00adny\u0148 ta\u00adly\u00adby.<\/strong><\/p>\n","protected":false},"excerpt":{"rendered":"<p>AB\u015e su\u00adwuk\u00adlan\u00addy\u00adry\u00adlan gaz sa\u00adtu\u00adwyn\u00adda d\u00fcn\u00ad\u00fd\u00e4\u00adni\u0148 \u00f6\u0148\u00adde\u00adba\u00adry\u00adjy \u00fdurt\u00adla\u00adry\u00adny\u0148 bi\u00adri\u00addir. AB\u015e \u00f6z\u00fc\u00adni\u0148 su\u00adwuk\u00adlan\u00addy\u00adry\u00adlan ga\u00adzy\u00adny \u00ddew\u00adro\u00adpa \u00fdurt\u00adla\u00adry\u00adna iber\u00adme\u00adgi\u00adni do\u00adwam et\u00addir\u00ad\u00fd\u00e4r. Bu ugur\u00adda ozal Ger\u00adma\u00adni\u00ad\u00fda bi\u00adlen uzak\u00adm\u00f6h\u00adlet\u00adle\u00ad\u00fdin \u015fert\u00adna\u00adma bag\u00adla\u00ad\u015fan ame\u00adri\u00adkan kom\u00adpa\u00adni\u00ad\u00fda\u00adla\u00adry \u00ddew\u00adro\u00adpa se\u00adbi\u00adtin\u00adde Pol\u00ad\u015fa bi\u00adlen hem bu ugur\u00adda yla\u00adla\u00ad\u015fyk ga\u00adzan\u00addy. Pol\u00ad\u015fa\u00adny\u0148 \u00abOr\u00adlen\u00bb kom\u00adpa\u00adni\u00ad\u00fda\u00adsy AB\u015e-ny\u0148 \u00abSemp\u00adra\u00bb kom\u00adpa\u00adni\u00ad\u00fda\u00adsy bi\u00adlen su\u00adwuk\u00adlan\u00addy\u00adry\u00adlan te\u00adbi\u00adgy ga\u00adzy uzak\u00adm\u00f6h\u00adlet\u00adle\u00ad\u00fdin esas\u00adda \u00fcp\u00adj\u00fcn et\u00admek bo\u00ad\u00fdun\u00ad\u00e7a \u015fert\u00adna\u00adma bag\u00adla\u015f\u00addy. War\u00ad\u015fa\u00adwa\u00adda gol [&hellip;]<\/p>\n","protected":false},"author":2,"featured_media":67542,"comment_status":"open","ping_status":"closed","sticky":false,"template":"","format":"standard","meta":{"footnotes":""},"categories":[5],"tags":[],"acf":[],"_links":{"self":[{"href":"https:\/\/zamanturkmenistan.com.tm\/index.php?rest_route=\/wp\/v2\/posts\/71707"}],"collection":[{"href":"https:\/\/zamanturkmenistan.com.tm\/index.php?rest_route=\/wp\/v2\/posts"}],"about":[{"href":"https:\/\/zamanturkmenistan.com.tm\/index.php?rest_route=\/wp\/v2\/types\/post"}],"author":[{"embeddable":true,"href":"https:\/\/zamanturkmenistan.com.tm\/index.php?rest_route=\/wp\/v2\/users\/2"}],"replies":[{"embeddable":true,"href":"https:\/\/zamanturkmenistan.com.tm\/index.php?rest_route=%2Fwp%2Fv2%2Fcomments&post=71707"}],"version-history":[{"count":2,"href":"https:\/\/zamanturkmenistan.com.tm\/index.php?rest_route=\/wp\/v2\/posts\/71707\/revisions"}],"predecessor-version":[{"id":71764,"href":"https:\/\/zamanturkmenistan.com.tm\/index.php?rest_route=\/wp\/v2\/posts\/71707\/revisions\/71764"}],"wp:featuredmedia":[{"embeddable":true,"href":"https:\/\/zamanturkmenistan.com.tm\/index.php?rest_route=\/wp\/v2\/media\/67542"}],"wp:attachment":[{"href":"https:\/\/zamanturkmenistan.com.tm\/index.php?rest_route=%2Fwp%2Fv2%2Fmedia&parent=71707"}],"wp:term":[{"taxonomy":"category","embeddable":true,"href":"https:\/\/zamanturkmenistan.com.tm\/index.php?rest_route=%2Fwp%2Fv2%2Fcategories&post=71707"},{"taxonomy":"post_tag","embeddable":true,"href":"https:\/\/zamanturkmenistan.com.tm\/index.php?rest_route=%2Fwp%2Fv2%2Ftags&post=71707"}],"curies":[{"name":"wp","href":"https:\/\/api.w.org\/{rel}","templated":true}]}}