{"id":71892,"date":"2023-01-30T11:09:47","date_gmt":"2023-01-30T06:09:47","guid":{"rendered":"https:\/\/zamanturkmenistan.com.tm\/?p=71892"},"modified":"2023-01-30T11:09:47","modified_gmt":"2023-01-30T06:09:47","slug":"tatarystanyn-yolbascysy-rais-diylip-atlandyrylar","status":"publish","type":"post","link":"https:\/\/zamanturkmenistan.com.tm\/tatarystanyn-yolbascysy-rais-diylip-atlandyrylar\/","title":{"rendered":"Tatarystany\u0148 \u00fdolba\u015f\u00e7ysy Rais di\u00fdlip atlandyrylar"},"content":{"rendered":"<p>Ta\u00adta\u00adrys\u00adta\u00adny\u0148 Kons\u00adti\u00adtu\u00adsi\u00ad\u00fda\u00adsy\u00adna gi\u00adri\u00adzi\u00adlen \u00fc\u00fdt\u00adget\u00adme\u00adle\u00adre la\u00ad\u00fdyk\u00adlyk\u00adda, Res\u00adpub\u00adli\u00adka\u00adny\u0148 h\u00e4\u00adzir\u00adki \u00fdol\u00adba\u015f\u00ad\u00e7y\u00adsy Rus\u00adtam Min\u00adni\u00adha\u00adno\u00adwa Ta\u00adta\u00adrys\u00adtan Res\u00adpub\u00adli\u00adka\u00adsy\u00adny\u0148 Pre\u00adzi\u00adden\u00adti d\u00e4l-de, Rai\u00adsi (ba\u015f\u00adly\u00adgy) di\u00fd\u00adler. Go\u00adla\u00fd\u00adda Ta\u00adtars\u00adta\u00adny\u0148 D\u00f6w\u00adlet Ge\u00ad\u0148e\u00ad\u015fi \u00fdur\u00addu\u0148 \u00fdol\u00adba\u015f\u00ad\u00e7y\u00adsy\u00adny\u0148 ady\u00adny \u201cRa\u00adis\u201d di\u00ad\u00fdip \u00fc\u00fdt\u00adget\u00admek ba\u00adra\u00adda\u00adky ka\u00adra\u00adry tas\u00adsyk\u00adla\u00addy.<br \/>\n-I\u0148 \u00fdo\u00adka\u00adry we\u00adzi\u00adpe\u00adli ada\u00admy\u0148 ady bi\u00adlen bag\u00adla\u00adny\u00ad\u015fyk\u00adly me\u00adse\u00adle bo\u00ad\u00fdun\u00ad\u00e7a go\u015f\u00adma\u00ad\u00e7a ge\u00ad\u0148e\u015f\u00adme\u00adler\u00adden so\u0148, ge\u00ad\u00e7i\u015f d\u00f6w\u00adr\u00fcn\u00adden \u00fd\u00fcz \u00f6w\u00fcr\u00admek we h\u00e4\u00adzir\u00adki ga\u00adral\u00ad\u00fdan ka\u00adnun tas\u00adla\u00adma\u00adsy g\u00fc\u00fd\u00adje gi\u00adren\u00adden so\u0148 i\u0148 \u00fdo\u00adka\u00adry we\u00adzi\u00adpe\u00adli ada\u00admy\u0148 t\u00e4\u00adze de\u00adre\u00adje\u00adsi\u00adni ulan\u00adma\u00adga ba\u015f\u00adla\u00admak ka\u00adra\u00adry\u00adna ge\u00adlin\u00addi \u2013 di\u00ad\u00fdip, Ta\u00adta\u00adrys\u00adta\u00adny\u0148 d\u00f6w\u00adlet gur\u00adlu\u00ad\u015fy we \u00fder\u00adli \u00f6z-\u00f6z\u00fc\u00ad\u0148i do\u00adlan\u00addy\u00adry\u015f bo\u00ad\u00fdun\u00ad\u00e7a par\u00adla\u00adment to\u00adpa\u00adry\u00adny\u0148 ba\u015f\u00adly\u00adgy Al\u00adbert Ha\u00adbi\u00adbul\u00adlin bel\u00adle\u00addi.<br \/>\nTa\u00adta\u00adrys\u00adta\u00adny\u0148 Kons\u00adti\u00adtu\u00adsi\u00ad\u00fda\u00adsy\u00adna \u00fc\u00fdt\u00adget\u00adme\u00adler gi\u00adriz\u00adme\u00adgi &#8211; Res\u00adpub\u00adli\u00adka\u00adny\u0148 ba\u015f\u00adtu\u00adta\u00adny\u00adny\u0148 we\u00adzi\u00adpe\u00adsi\u00adni\u0148 ady\u00adny \u201cPre\u00adzi\u00addent\u201d bo\u00adlan\u00adly\u00adgyn\u00addan \u201cba\u015f\u00adtu\u00adtan &#8211; Ta\u00adta\u00adrys\u00adtan Res\u00adpub\u00adli\u00adka\u00adsy\u00adny\u0148 Rai\u00adsi\u201d di\u00ad\u00fdip ady\u00adny \u00fc\u00fdt\u00adget\u00adme\u00adgi tek\u00adlip ed\u00ad\u00fd\u00e4n ka\u00adnu\u00adny\u0148 tas\u00adla\u00adma\u00adsy ge\u00ad\u00e7en \u00fdy\u00adly\u0148 de\u00adkab\u00adryn\u00adda ka\u00adbul edi\u00adlip\u00addi. \u015eol bir wag\u00adty\u0148 \u00f6z\u00fcn\u00adde ge\u00ad\u00e7i\u015f d\u00f6w\u00adri g\u00f6z \u00f6\u0148\u00fcn\u00adde tu\u00adtu\u00adlyp\u00addy: t\u00e4\u00adze at di\u00ad\u0148e Ta\u00adta\u00adrys\u00adta\u00adny\u0148 in\u00addi\u00adki sa\u00fd\u00adlan\u00adjak i\u0148 \u00fdo\u00adka\u00adry we\u00adzi\u00adpe\u00adli ada\u00admy\u00adna de\u00adgi\u015f\u00adli bol\u00adma\u00adly\u00addy we se\u00adbi\u00adti\u0148 h\u00e4\u00adzir\u00adki Ba\u015f\u00adtu\u00adta\u00adny Rus\u00adtam Min\u00adni\u00adha\u00adno\u00adwy\u0148 2025-nji \u00fdyl\u00adda m\u00f6h\u00adle\u00adti gu\u00adtar\u00ad\u00fdan\u00ad\u00e7a Pre\u00adzi\u00addent di\u00ad\u00fdip at\u00adlan\u00addy\u00adryl\u00adma\u00adgy\u00adny do\u00adwam et\u00adme\u00adli\u00addi.<\/p>\n","protected":false},"excerpt":{"rendered":"<p>Ta\u00adta\u00adrys\u00adta\u00adny\u0148 Kons\u00adti\u00adtu\u00adsi\u00ad\u00fda\u00adsy\u00adna gi\u00adri\u00adzi\u00adlen \u00fc\u00fdt\u00adget\u00adme\u00adle\u00adre la\u00ad\u00fdyk\u00adlyk\u00adda, Res\u00adpub\u00adli\u00adka\u00adny\u0148 h\u00e4\u00adzir\u00adki \u00fdol\u00adba\u015f\u00ad\u00e7y\u00adsy Rus\u00adtam Min\u00adni\u00adha\u00adno\u00adwa Ta\u00adta\u00adrys\u00adtan Res\u00adpub\u00adli\u00adka\u00adsy\u00adny\u0148 Pre\u00adzi\u00adden\u00adti d\u00e4l-de, Rai\u00adsi (ba\u015f\u00adly\u00adgy) di\u00fd\u00adler. Go\u00adla\u00fd\u00adda Ta\u00adtars\u00adta\u00adny\u0148 D\u00f6w\u00adlet Ge\u00ad\u0148e\u00ad\u015fi \u00fdur\u00addu\u0148 \u00fdol\u00adba\u015f\u00ad\u00e7y\u00adsy\u00adny\u0148 ady\u00adny \u201cRa\u00adis\u201d di\u00ad\u00fdip \u00fc\u00fdt\u00adget\u00admek ba\u00adra\u00adda\u00adky ka\u00adra\u00adry tas\u00adsyk\u00adla\u00addy. -I\u0148 \u00fdo\u00adka\u00adry we\u00adzi\u00adpe\u00adli ada\u00admy\u0148 ady bi\u00adlen bag\u00adla\u00adny\u00ad\u015fyk\u00adly me\u00adse\u00adle bo\u00ad\u00fdun\u00ad\u00e7a go\u015f\u00adma\u00ad\u00e7a ge\u00ad\u0148e\u015f\u00adme\u00adler\u00adden so\u0148, ge\u00ad\u00e7i\u015f d\u00f6w\u00adr\u00fcn\u00adden \u00fd\u00fcz \u00f6w\u00fcr\u00admek we h\u00e4\u00adzir\u00adki ga\u00adral\u00ad\u00fdan ka\u00adnun tas\u00adla\u00adma\u00adsy g\u00fc\u00fd\u00adje gi\u00adren\u00adden so\u0148 i\u0148 [&hellip;]<\/p>\n","protected":false},"author":2,"featured_media":71893,"comment_status":"open","ping_status":"closed","sticky":false,"template":"","format":"standard","meta":{"footnotes":""},"categories":[5],"tags":[],"_links":{"self":[{"href":"https:\/\/zamanturkmenistan.com.tm\/wp-json\/wp\/v2\/posts\/71892"}],"collection":[{"href":"https:\/\/zamanturkmenistan.com.tm\/wp-json\/wp\/v2\/posts"}],"about":[{"href":"https:\/\/zamanturkmenistan.com.tm\/wp-json\/wp\/v2\/types\/post"}],"author":[{"embeddable":true,"href":"https:\/\/zamanturkmenistan.com.tm\/wp-json\/wp\/v2\/users\/2"}],"replies":[{"embeddable":true,"href":"https:\/\/zamanturkmenistan.com.tm\/wp-json\/wp\/v2\/comments?post=71892"}],"version-history":[{"count":1,"href":"https:\/\/zamanturkmenistan.com.tm\/wp-json\/wp\/v2\/posts\/71892\/revisions"}],"predecessor-version":[{"id":71894,"href":"https:\/\/zamanturkmenistan.com.tm\/wp-json\/wp\/v2\/posts\/71892\/revisions\/71894"}],"wp:featuredmedia":[{"embeddable":true,"href":"https:\/\/zamanturkmenistan.com.tm\/wp-json\/wp\/v2\/media\/71893"}],"wp:attachment":[{"href":"https:\/\/zamanturkmenistan.com.tm\/wp-json\/wp\/v2\/media?parent=71892"}],"wp:term":[{"taxonomy":"category","embeddable":true,"href":"https:\/\/zamanturkmenistan.com.tm\/wp-json\/wp\/v2\/categories?post=71892"},{"taxonomy":"post_tag","embeddable":true,"href":"https:\/\/zamanturkmenistan.com.tm\/wp-json\/wp\/v2\/tags?post=71892"}],"curies":[{"name":"wp","href":"https:\/\/api.w.org\/{rel}","templated":true}]}}