{"id":72006,"date":"2023-02-02T12:20:38","date_gmt":"2023-02-02T07:20:38","guid":{"rendered":"https:\/\/zamanturkmenistan.com.tm\/?p=72006"},"modified":"2023-02-02T17:56:09","modified_gmt":"2023-02-02T12:56:09","slug":"turkmenistan-awiakompaniyasynyn-ilkinji-airbus-yuk-ucary","status":"publish","type":"post","link":"https:\/\/zamanturkmenistan.com.tm\/?p=72006","title":{"rendered":"\u201cT\u00fcrkmenistan\u201d awiakompani\u00fdasyny\u0148 ilkinji \u201cAirbus\u201d \u00fd\u00fck u\u00e7ary"},"content":{"rendered":"<p>\u201cT\u00fcrk\u00adme\u00adnis\u00adtan\u201d awia\u00adkom\u00adpa\u00adni\u00ad\u00fda\u00adsy\u00adny\u0148 sar\u00adgyt eden 2 sa\u00adny \u201cAir\u00adbus A330-200P2F\u201d ky\u00adsym\u00adly \u00fd\u00fck u\u00e7a\u00adry\u00adny\u0148 il\u00adkin\u00adjisi ta\u00fd\u00ad\u00fdar edil\u00addi. Bu sar\u00adgyt 2021-nji \u00fdy\u00adly\u0148 \u00fdan\u00adwa\u00adryn\u00adda edi\u00adlip\u00addi.<br \/>\n\u201cT\u00fcrk\u00adme\u00adnis\u00adta\u00adny\u0148 ra\u00ad\u00fdat awia\u00adsi\u00ad\u00fda\u00adsy\u00adny \u00f6s\u00add\u00fcr\u00adme\u00adgi\u0148 mil\u00adli mak\u00adsat\u00adna\u00adma\u00adsy\u00adna\u201d la\u00ad\u00fdyk\u00adlyk\u00adda \u00f6\u0148\u00adde go\u00fd\u00adlan we\u00adzi\u00adpe\u00adle\u00adri \u00fcs\u00adt\u00fcn\u00adlik\u00adli \u00fde\u00adri\u00adne \u00fde\u00adtir\u00admek mak\u00adsa\u00addy bi\u00adlen, \u201cT\u00fcrk\u00admen\u00adho\u00adwa\u00ad\u00fdol\u00adla\u00adry\u201d agent\u00adli\u00adgi bi\u00adlen \u201cAir\u00adbus S.A.S\u201d kom\u00adpa\u00adni\u00ad\u00fda\u00adsy\u00adny\u0148 ara\u00adsyn\u00adda \u00fd\u00fck u\u00e7ar\u00adla\u00adry\u00adny sa\u00adtyn al\u00admak bo\u00ad\u00fdun\u00ad\u00e7a yla\u00adla\u00ad\u015fyk ga\u00adza\u00adny\u00adlyp\u00addy.<br \/>\n\u015eol yla\u00adla\u00ad\u015fy\u00adga la\u00ad\u00fdyk\u00adlyk\u00adda, \u201cAir\u00adbus\u201d kom\u00adpa\u00adni\u00ad\u00fda\u00adsy ta\u00adra\u00adpyn\u00addan \u015fol u\u00e7ar\u00adla\u00adry\u0148 il\u00adkin\u00adji\u00adsi ta\u00fd\u00ad\u00fdar bol\u00addy.<br \/>\n\u201cCar\u00adgo\u00adfacts.com\u201d in\u00adter\u00adnet ne\u00ad\u015fi\u00adri\u00adni\u0148 ha\u00adba\u00adry\u00adna g\u00f6\u00adr\u00e4, bu u\u00e7ar\u00adda \u201cRolls-Royce Trent 700\u201d he\u00adre\u00adket\u00adlen\u00addi\u00adri\u00adji\u00adsi otur\u00addy\u00adlyp, bir ge\u00adzek\u00adki \u00fdan\u00adgy\u00adjy bi\u00adlen 7400 ki\u00adlo\u00admet\u00adre \u00e7en\u00adli u\u00e7u\u00ad\u015fy ama\u00adla a\u015fyr\u00admak m\u00fcm\u00adkin\u00ad\u00e7i\u00adli\u00adgi\u00adne e\u00fde.<\/p>\n","protected":false},"excerpt":{"rendered":"<p>\u201cT\u00fcrk\u00adme\u00adnis\u00adtan\u201d awia\u00adkom\u00adpa\u00adni\u00ad\u00fda\u00adsy\u00adny\u0148 sar\u00adgyt eden 2 sa\u00adny \u201cAir\u00adbus A330-200P2F\u201d ky\u00adsym\u00adly \u00fd\u00fck u\u00e7a\u00adry\u00adny\u0148 il\u00adkin\u00adjisi ta\u00fd\u00ad\u00fdar edil\u00addi. Bu sar\u00adgyt 2021-nji \u00fdy\u00adly\u0148 \u00fdan\u00adwa\u00adryn\u00adda edi\u00adlip\u00addi. \u201cT\u00fcrk\u00adme\u00adnis\u00adta\u00adny\u0148 ra\u00ad\u00fdat awia\u00adsi\u00ad\u00fda\u00adsy\u00adny \u00f6s\u00add\u00fcr\u00adme\u00adgi\u0148 mil\u00adli mak\u00adsat\u00adna\u00adma\u00adsy\u00adna\u201d la\u00ad\u00fdyk\u00adlyk\u00adda \u00f6\u0148\u00adde go\u00fd\u00adlan we\u00adzi\u00adpe\u00adle\u00adri \u00fcs\u00adt\u00fcn\u00adlik\u00adli \u00fde\u00adri\u00adne \u00fde\u00adtir\u00admek mak\u00adsa\u00addy bi\u00adlen, \u201cT\u00fcrk\u00admen\u00adho\u00adwa\u00ad\u00fdol\u00adla\u00adry\u201d agent\u00adli\u00adgi bi\u00adlen \u201cAir\u00adbus S.A.S\u201d kom\u00adpa\u00adni\u00ad\u00fda\u00adsy\u00adny\u0148 ara\u00adsyn\u00adda \u00fd\u00fck u\u00e7ar\u00adla\u00adry\u00adny sa\u00adtyn al\u00admak bo\u00ad\u00fdun\u00ad\u00e7a yla\u00adla\u00ad\u015fyk ga\u00adza\u00adny\u00adlyp\u00addy. \u015eol yla\u00adla\u00ad\u015fy\u00adga la\u00ad\u00fdyk\u00adlyk\u00adda, \u201cAir\u00adbus\u201d kom\u00adpa\u00adni\u00ad\u00fda\u00adsy ta\u00adra\u00adpyn\u00addan [&hellip;]<\/p>\n","protected":false},"author":2,"featured_media":72007,"comment_status":"open","ping_status":"closed","sticky":false,"template":"","format":"standard","meta":{"footnotes":""},"categories":[3],"tags":[],"acf":[],"_links":{"self":[{"href":"https:\/\/zamanturkmenistan.com.tm\/index.php?rest_route=\/wp\/v2\/posts\/72006"}],"collection":[{"href":"https:\/\/zamanturkmenistan.com.tm\/index.php?rest_route=\/wp\/v2\/posts"}],"about":[{"href":"https:\/\/zamanturkmenistan.com.tm\/index.php?rest_route=\/wp\/v2\/types\/post"}],"author":[{"embeddable":true,"href":"https:\/\/zamanturkmenistan.com.tm\/index.php?rest_route=\/wp\/v2\/users\/2"}],"replies":[{"embeddable":true,"href":"https:\/\/zamanturkmenistan.com.tm\/index.php?rest_route=%2Fwp%2Fv2%2Fcomments&post=72006"}],"version-history":[{"count":2,"href":"https:\/\/zamanturkmenistan.com.tm\/index.php?rest_route=\/wp\/v2\/posts\/72006\/revisions"}],"predecessor-version":[{"id":72030,"href":"https:\/\/zamanturkmenistan.com.tm\/index.php?rest_route=\/wp\/v2\/posts\/72006\/revisions\/72030"}],"wp:featuredmedia":[{"embeddable":true,"href":"https:\/\/zamanturkmenistan.com.tm\/index.php?rest_route=\/wp\/v2\/media\/72007"}],"wp:attachment":[{"href":"https:\/\/zamanturkmenistan.com.tm\/index.php?rest_route=%2Fwp%2Fv2%2Fmedia&parent=72006"}],"wp:term":[{"taxonomy":"category","embeddable":true,"href":"https:\/\/zamanturkmenistan.com.tm\/index.php?rest_route=%2Fwp%2Fv2%2Fcategories&post=72006"},{"taxonomy":"post_tag","embeddable":true,"href":"https:\/\/zamanturkmenistan.com.tm\/index.php?rest_route=%2Fwp%2Fv2%2Ftags&post=72006"}],"curies":[{"name":"wp","href":"https:\/\/api.w.org\/{rel}","templated":true}]}}