{"id":72229,"date":"2023-02-06T11:23:14","date_gmt":"2023-02-06T06:23:14","guid":{"rendered":"https:\/\/zamanturkmenistan.com.tm\/?p=72229"},"modified":"2023-02-06T11:23:48","modified_gmt":"2023-02-06T06:23:48","slug":"turkiyede-we-siriyada-yer-titredi","status":"publish","type":"post","link":"https:\/\/zamanturkmenistan.com.tm\/?p=72229","title":{"rendered":"T\u00fcrki\u00fdede we Siri\u00fdada \u00fder titredi"},"content":{"rendered":"<p>T\u00fcrki\u00fde Respublikasynda hem-de Siri\u00fdada \u00f6ten ag\u015fam (Stambul wagty bilen 04:17-de) g\u00fc\u00fd\u00e7li \u00fder titreme boldy. Tebigy hadysany\u0148 merkezini\u0148 T\u00fcrki\u00fd\u00e4ni\u0148 Kahramanmara\u015f wela\u00fdatyny\u0148 Pazarjyk etrabydygy m\u00e4lim edildi. 7,4 bal ululygynda bolup ge\u00e7en \u00fdertitrem\u00e4ni\u0148 M\u00fcs\u00fcrde, Liwanda, Kiprde we Yrakda hem du\u00fdlandygy m\u00e4lim edildi. T\u00fcrki\u00fdede we Siri\u00fdada k\u00f6p sanly adam pidalaryny\u0148 bolandygy habar beril\u00fd\u00e4r.<\/p>\n","protected":false},"excerpt":{"rendered":"<p>T\u00fcrki\u00fde Respublikasynda hem-de Siri\u00fdada \u00f6ten ag\u015fam (Stambul wagty bilen 04:17-de) g\u00fc\u00fd\u00e7li \u00fder titreme boldy. Tebigy hadysany\u0148 merkezini\u0148 T\u00fcrki\u00fd\u00e4ni\u0148 Kahramanmara\u015f wela\u00fdatyny\u0148 Pazarjyk etrabydygy m\u00e4lim edildi. 7,4 bal ululygynda bolup ge\u00e7en \u00fdertitrem\u00e4ni\u0148 M\u00fcs\u00fcrde, Liwanda, Kiprde we Yrakda hem du\u00fdlandygy m\u00e4lim edildi. T\u00fcrki\u00fdede we Siri\u00fdada k\u00f6p sanly adam pidalaryny\u0148 bolandygy habar beril\u00fd\u00e4r.<\/p>\n","protected":false},"author":2,"featured_media":72230,"comment_status":"open","ping_status":"closed","sticky":false,"template":"","format":"standard","meta":{"footnotes":""},"categories":[5],"tags":[],"acf":[],"_links":{"self":[{"href":"https:\/\/zamanturkmenistan.com.tm\/index.php?rest_route=\/wp\/v2\/posts\/72229"}],"collection":[{"href":"https:\/\/zamanturkmenistan.com.tm\/index.php?rest_route=\/wp\/v2\/posts"}],"about":[{"href":"https:\/\/zamanturkmenistan.com.tm\/index.php?rest_route=\/wp\/v2\/types\/post"}],"author":[{"embeddable":true,"href":"https:\/\/zamanturkmenistan.com.tm\/index.php?rest_route=\/wp\/v2\/users\/2"}],"replies":[{"embeddable":true,"href":"https:\/\/zamanturkmenistan.com.tm\/index.php?rest_route=%2Fwp%2Fv2%2Fcomments&post=72229"}],"version-history":[{"count":2,"href":"https:\/\/zamanturkmenistan.com.tm\/index.php?rest_route=\/wp\/v2\/posts\/72229\/revisions"}],"predecessor-version":[{"id":72232,"href":"https:\/\/zamanturkmenistan.com.tm\/index.php?rest_route=\/wp\/v2\/posts\/72229\/revisions\/72232"}],"wp:featuredmedia":[{"embeddable":true,"href":"https:\/\/zamanturkmenistan.com.tm\/index.php?rest_route=\/wp\/v2\/media\/72230"}],"wp:attachment":[{"href":"https:\/\/zamanturkmenistan.com.tm\/index.php?rest_route=%2Fwp%2Fv2%2Fmedia&parent=72229"}],"wp:term":[{"taxonomy":"category","embeddable":true,"href":"https:\/\/zamanturkmenistan.com.tm\/index.php?rest_route=%2Fwp%2Fv2%2Fcategories&post=72229"},{"taxonomy":"post_tag","embeddable":true,"href":"https:\/\/zamanturkmenistan.com.tm\/index.php?rest_route=%2Fwp%2Fv2%2Ftags&post=72229"}],"curies":[{"name":"wp","href":"https:\/\/api.w.org\/{rel}","templated":true}]}}