{"id":72346,"date":"2023-02-06T09:54:22","date_gmt":"2023-02-06T04:54:22","guid":{"rendered":"https:\/\/zamanturkmenistan.com.tm\/?p=72346"},"modified":"2023-02-08T10:03:53","modified_gmt":"2023-02-08T05:03:53","slug":"seyitnazar-seydi-adyndaky-turkmen-dowlet-mugallymcylyk-institutyny-gurmak-boyunca-halkara-baslesik-yglan-edildi","status":"publish","type":"post","link":"https:\/\/zamanturkmenistan.com.tm\/?p=72346","title":{"rendered":"Se\u00fditnazar Se\u00fddi adyndaky T\u00fcrkmen d\u00f6wlet mugallym\u00e7ylyk institutyny gurmak bo\u00fdun\u00e7a halkara b\u00e4sle\u015fik yglan edildi"},"content":{"rendered":"<p>T\u00fcrk\u00adme\u00adnis\u00adta\u00adny\u0148 Gur\u00adlu\u00ad\u015fyk we bi\u00adna\u00adg\u00e4r\u00adlik mi\u00adnistr\u00adli\u00adgi T\u00fcrk\u00adme\u00adnis\u00adta\u00adny\u0148 Bi\u00adlim mi\u00adnistr\u00adli\u00adgi\u00adni\u0148 bu\u00ad\u00fdur\u00adma\u00adgyn\u00adda T\u00fcrk\u00adme\u00adna\u00adbat \u015f\u00e4\u00adhe\u00adrin\u00adde Se\u00ad\u00fdit\u00adna\u00adzar Se\u00fd\u00addi adyn\u00adda\u00adky T\u00fcrk\u00admen d\u00f6w\u00adlet mu\u00adgal\u00adlym\u00ad\u00e7y\u00adlyk ins\u00adti\u00adtu\u00adty\u00adny\u0148 d\u00f6w\u00adre\u00adbap bi\u00adna\u00adsy\u00adny gur\u00admak bo\u00ad\u00fdun\u00ad\u00e7a hal\u00adka\u00adra b\u00e4s\u00adle\u00ad\u015fik yg\u00adlan ed\u00ad\u00fd\u00e4r. Bu ba\u00adra\u00adda \u00abT\u00fcrk\u00adme\u00adnis\u00adtan\u00bb ga\u00adze\u00adti\u00adni\u0148 6-njy fewraldaky sa\u00adnyn\u00adda ha\u00adbar be\u00adril\u00ad\u00fd\u00e4r.<\/p>\n<p>Gy\u00adzyk\u00adlan\u00adma bil\u00addir\u00ad\u00fd\u00e4n ta\u00adrap\u00adla\u00adry\u0148 ha\u00ad\u00fdy\u015f\u00adna\u00adma\u00adla\u00adry, tek\u00adlip\u00adle\u00adri Gur\u00adlu\u00ad\u015fyk we bi\u00adna\u00adg\u00e4r\u00adlik mi\u00adnistr\u00adli\u00adgi\u00adni\u0148 Ba\u00adza\u00adry \u00f6w\u00adre\u00adni\u015f we da\u00ad\u015fa\u00adry yk\u00addy\u00adsa\u00addy gat\u00adna\u00ad\u015fyk\u00adlar m\u00fc\u00addir\u00adli\u00adgin\u00adde bel\u00adle\u00adni\u00adlen ter\u00adtip\u00adde ka\u00adbul edil\u00ad\u00fd\u00e4r hem-de res\u00admi\u00adle\u015f\u00addi\u00adril\u00ad\u00fd\u00e4r.<\/p>\n<p>Ha\u00ad\u00fdy\u015f\u00adna\u00adma\u00adlar 2023-nji \u00fdy\u00adly\u0148 20-nji mar\u00adty\u00adna \u00e7en\u00adli ka\u00adbul edil\u00ad\u00fd\u00e4r.<\/p>\n<p>Sal\u00adgy\u00adsy: A\u015f\u00adga\u00adbat \u015f\u00e4\u00adhe\u00adri\u00adni\u0148 Ar\u00ad\u00e7a\u00adbil \u015fa\u00ad\u00fdo\u00adlu\u00adny\u0148 84-nji ja\u00ad\u00fdy.<\/p>\n<p>Ha\u00adbar\u00adla\u015f\u00admak \u00fc\u00e7in te\u00adle\u00adfon bel\u00adgi\u00adle\u00adri: 44-46-64, 44-46-77.<\/p>\n","protected":false},"excerpt":{"rendered":"<p>T\u00fcrk\u00adme\u00adnis\u00adta\u00adny\u0148 Gur\u00adlu\u00ad\u015fyk we bi\u00adna\u00adg\u00e4r\u00adlik mi\u00adnistr\u00adli\u00adgi T\u00fcrk\u00adme\u00adnis\u00adta\u00adny\u0148 Bi\u00adlim mi\u00adnistr\u00adli\u00adgi\u00adni\u0148 bu\u00ad\u00fdur\u00adma\u00adgyn\u00adda T\u00fcrk\u00adme\u00adna\u00adbat \u015f\u00e4\u00adhe\u00adrin\u00adde Se\u00ad\u00fdit\u00adna\u00adzar Se\u00fd\u00addi adyn\u00adda\u00adky T\u00fcrk\u00admen d\u00f6w\u00adlet mu\u00adgal\u00adlym\u00ad\u00e7y\u00adlyk ins\u00adti\u00adtu\u00adty\u00adny\u0148 d\u00f6w\u00adre\u00adbap bi\u00adna\u00adsy\u00adny gur\u00admak bo\u00ad\u00fdun\u00ad\u00e7a hal\u00adka\u00adra b\u00e4s\u00adle\u00ad\u015fik yg\u00adlan ed\u00ad\u00fd\u00e4r. Bu ba\u00adra\u00adda \u00abT\u00fcrk\u00adme\u00adnis\u00adtan\u00bb ga\u00adze\u00adti\u00adni\u0148 6-njy fewraldaky sa\u00adnyn\u00adda ha\u00adbar be\u00adril\u00ad\u00fd\u00e4r. Gy\u00adzyk\u00adlan\u00adma bil\u00addir\u00ad\u00fd\u00e4n ta\u00adrap\u00adla\u00adry\u0148 ha\u00ad\u00fdy\u015f\u00adna\u00adma\u00adla\u00adry, tek\u00adlip\u00adle\u00adri Gur\u00adlu\u00ad\u015fyk we bi\u00adna\u00adg\u00e4r\u00adlik mi\u00adnistr\u00adli\u00adgi\u00adni\u0148 Ba\u00adza\u00adry \u00f6w\u00adre\u00adni\u015f we da\u00ad\u015fa\u00adry yk\u00addy\u00adsa\u00addy gat\u00adna\u00ad\u015fyk\u00adlar m\u00fc\u00addir\u00adli\u00adgin\u00adde bel\u00adle\u00adni\u00adlen ter\u00adtip\u00adde ka\u00adbul edil\u00ad\u00fd\u00e4r [&hellip;]<\/p>\n","protected":false},"author":2,"featured_media":72347,"comment_status":"open","ping_status":"closed","sticky":false,"template":"","format":"standard","meta":{"footnotes":""},"categories":[3],"tags":[],"acf":[],"_links":{"self":[{"href":"https:\/\/zamanturkmenistan.com.tm\/index.php?rest_route=\/wp\/v2\/posts\/72346"}],"collection":[{"href":"https:\/\/zamanturkmenistan.com.tm\/index.php?rest_route=\/wp\/v2\/posts"}],"about":[{"href":"https:\/\/zamanturkmenistan.com.tm\/index.php?rest_route=\/wp\/v2\/types\/post"}],"author":[{"embeddable":true,"href":"https:\/\/zamanturkmenistan.com.tm\/index.php?rest_route=\/wp\/v2\/users\/2"}],"replies":[{"embeddable":true,"href":"https:\/\/zamanturkmenistan.com.tm\/index.php?rest_route=%2Fwp%2Fv2%2Fcomments&post=72346"}],"version-history":[{"count":1,"href":"https:\/\/zamanturkmenistan.com.tm\/index.php?rest_route=\/wp\/v2\/posts\/72346\/revisions"}],"predecessor-version":[{"id":72348,"href":"https:\/\/zamanturkmenistan.com.tm\/index.php?rest_route=\/wp\/v2\/posts\/72346\/revisions\/72348"}],"wp:featuredmedia":[{"embeddable":true,"href":"https:\/\/zamanturkmenistan.com.tm\/index.php?rest_route=\/wp\/v2\/media\/72347"}],"wp:attachment":[{"href":"https:\/\/zamanturkmenistan.com.tm\/index.php?rest_route=%2Fwp%2Fv2%2Fmedia&parent=72346"}],"wp:term":[{"taxonomy":"category","embeddable":true,"href":"https:\/\/zamanturkmenistan.com.tm\/index.php?rest_route=%2Fwp%2Fv2%2Fcategories&post=72346"},{"taxonomy":"post_tag","embeddable":true,"href":"https:\/\/zamanturkmenistan.com.tm\/index.php?rest_route=%2Fwp%2Fv2%2Ftags&post=72346"}],"curies":[{"name":"wp","href":"https:\/\/api.w.org\/{rel}","templated":true}]}}