{"id":72452,"date":"2023-02-10T14:56:13","date_gmt":"2023-02-10T09:56:13","guid":{"rendered":"https:\/\/zamanturkmenistan.com.tm\/?p=72452"},"modified":"2023-02-10T14:56:13","modified_gmt":"2023-02-10T09:56:13","slug":"karl-iii-in-sekili-yerlesdirilen-markalar-cykdy","status":"publish","type":"post","link":"https:\/\/zamanturkmenistan.com.tm\/?p=72452","title":{"rendered":"Karl III-i\u0148 \u015fekili \u00fderle\u015fdirilen markalar \u00e7ykdy"},"content":{"rendered":"<p>Be\u00ad\u00fdik Bri\u00adta\u00adni\u00ad\u00fda\u00adny\u0148 po\u00e7\u00adta\u00adsy Ko\u00adrol Karl III-i\u0148 port\u00adre\u00adti go\u00fd\u00adlan il\u00adkin\u00adji mar\u00adka\u00adla\u00adry\u00adny h\u00f6\u00add\u00fcr\u00adle\u00addi. Bu ba\u00adra\u00adda \u201cTi\u00admes\u201d ne\u00ad\u015fi\u00adri ha\u00adbar ber\u00addi. Ne\u00ad\u015fi\u00adri\u0148 mag\u00adlu\u00admat\u00adla\u00adry\u00adna g\u00f6\u00adr\u00e4, mo\u00adnarh mar\u00adka\u00adda \u00e7e\u00adpe ba\u00adkyp du\u00adran pro\u00adfil\u00adde \u015fe\u00adkil\u00adlen\u00addi\u00adri\u00adlip\u00addir. Mo\u00adnar\u00adhy\u0148 \u015fe\u00fd\u00adle \u015fe\u00adki\u00adli\u00adni\u0148 d\u00e4\u00adbi, 1840-njy \u00fdyl\u00adda \u015ea ze\u00adnan Wik\u00adto\u00adri\u00ad\u00fda\u00adny\u0148 port\u00adre\u00adti go\u00fd\u00adlan il\u00adkin\u00adji \u201cPen\u00adny Black\u201d po\u00e7\u00adta mar\u00adka\u00adsy\u00adny\u0148 pe\u00fd\u00adda bol\u00adma\u00adgyn\u00addan b\u00e4\u00adri sak\u00adla\u00adnyp ga\u00adlyp\u00addyr.<br \/>\nBu mar\u00adka, esa\u00adsan, hi\u00e7 hi\u00adli be\u00adze\u00adgi\u00adni\u0148, t\u00e4\u00adji\u00adni\u0148 \u00fdok\u00adlu\u00adgy, \u00fd\u00f6\u00adne\u00adke\u00fd fon\u00adda\u00adky ada\u00admy\u0148 \u00fd\u00fc\u00adzi bi\u00adlen ta\u00adpa\u00adwut\u00adlan\u00ad\u00fdar \u2013 di\u00ad\u00fdip, &#8220;Royal Ma\u00adil&#8221;-i\u0148 jem\u00adgy\u00ad\u00fdet bi\u00adlen ara\u00adgat\u00adna\u00ad\u015fyk bo\u00ad\u00fdun\u00ad\u00e7a ba\u015f\u00adly\u00adgy De\u00fd\u00adwid Gold a\u00fdt\u00addy. Mar\u00adka\u00adda Ko\u00adrol\u00adly\u00adgy\u0148 zik\u00adge\u00adha\u00adna\u00adsy\u00adny\u0148 sar\u00adgy\u00addy bo\u00ad\u00fdun\u00ad\u00e7a su\u00adrat\u00adke\u015f Mar\u00adtin Jen\u00adnings ta\u00adra\u00adpyn\u00addan \u00fde\u00adri\u00adne \u00fde\u00adti\u00adri\u00adlen Karl III-i\u0148 port\u00adre\u00adti\u00adni\u0148 adap\u00adtir\u00adle\u00adnen g\u00f6r\u00adn\u00fc\u00ad\u015fi h\u00f6\u00add\u00fcr\u00adlen\u00ad\u00fd\u00e4r. T\u00e4\u00adze mar\u00adka Lon\u00addo\u00adny\u0148 po\u00e7\u00adta mu\u00adze\u00ad\u00fdin\u00add\u00e4\u00adki ser\u00adgi\u00adni\u0148 bir b\u00f6\u00adle\u00adgi bo\u00adlar. Ser\u00adgi 2023-nji \u00fdy\u00adly\u0148 3-nji sent\u00ad\u00fdab\u00adry\u00adna \u00e7en\u00adli do\u00adwam eder.<br \/>\nKarl III \u015fe\u00adki\u00adli go\u00fd\u00adlan mar\u00adka\u00adlar 4-nji ap\u00adrel\u00adde sa\u00adtu\u00adwa \u00e7y\u00adka\u00adry\u00adlar, em\u00adma, po\u00e7\u00adta b\u00f6\u00adl\u00fcm\u00adle\u00adri \u00dde\u00adli\u00adza\u00adwe\u00adta II-i\u0148 port\u00adre\u00adti go\u00fd\u00adlan mar\u00adka\u00adlar gu\u00adtar\u00ad\u00fdan\u00ad\u00e7a ola\u00adry sat\u00admaz. Bel\u00adli bir d\u00f6\u00adw\u00fcr\u00adde h\u00e4\u00adzir\u00adki we \u00f6\u0148\u00adki mo\u00adnarh\u00adla\u00adry\u0148 \u015fe\u00adkil\u00adle\u00adri bo\u00adlan mar\u00adka\u00adlar bir wagt\u00adda do\u00adla\u00adny\u00ad\u015fyk\u00adda bol\u00adjak\u00addy\u00adgy a\u00fd\u00addyl\u00ad\u00fdar. &#8220;Ga\u00adry\u00ad\u015fyk fran\u00adkir\u00adle\u00adme&#8221; di\u00fd\u00adlip at\u00adlan\u00addy\u00adryl\u00ad\u00fdan \u015fu\u00ad\u0148a me\u0148\u00adze\u015f \u00fdag\u00adda\u00fd ge\u00e7\u00admi\u015f\u00adde hem \u00fd\u00fc\u00adze \u00e7y\u00adkyp, 1911-1913-nji \u00fdyl\u00adlar\u00adda Ed\u00adward VII we Georg V, 1937-1939-njy \u00fdyl\u00adlar\u00adda Georg V we Georg VI, 1952-1955-nji \u00fdyl\u00adlar\u00adda Georg VI we \u00dde\u00adli\u00adza\u00adwe\u00adta II port\u00adret\u00adle\u00adri bo\u00adlan mar\u00adka\u00adlar bir wag\u00adty\u0148 \u00f6z\u00fcn\u00adde do\u00adla\u00adny\u00ad\u015fyk\u00adda bo\u00adlup\u00addy.<br \/>\nMun\u00addan \u00f6\u0148 Ko\u00adrol Karl III we \u00dde\u00adli\u00adza\u00adwe\u00adta II-i\u0148 \u015fe\u00adkil\u00adle\u00adri go\u00fd\u00adlan \u015fa\u00ad\u00fdy\u00adlyk\u00adla\u00adry\u0148 we bank\u00adnot\u00adla\u00adry\u0148 Be\u00ad\u00fdik Bri\u00adta\u00adni\u00ad\u00fda\u00adda we ba\u015f\u00adtu\u00adta\u00adny he\u00adni\u00adzem res\u00admi ta\u00fd\u00addan bri\u00adtan mo\u00adnar\u00adhy bo\u00adlup dur\u00ad\u00fdan be\u00fd\u00adle\u00adki \u00fdurt\u00adlar\u00adda bi\u00adle\u00adlik\u00adde do\u00adla\u00adny\u00ad\u015fyk\u00adda bol\u00adjak\u00addy\u00adgy ha\u00adbar be\u00adril\u00addi.<br \/>\nBe\u00ad\u00fdik Bri\u00adta\u00adni\u00ad\u00fda\u00adny\u0148 \u015ea ze\u00adna\u00adny \u00dde\u00adli\u00adza\u00adwe\u00adta II 8-nji sent\u00ad\u00fdabr\u00adda \u015eot\u00adlan\u00addi\u00ad\u00fda\u00adny\u0148 Bal\u00admo\u00adral ga\u00adla\u00adsyn\u00adda 96 \u00fda\u00ad\u015fy\u00adny\u0148 i\u00e7in\u00adde ara\u00addan \u00e7yk\u00addy. \u015eon\u00addan so\u0148 onu\u0148 og\u00adly \u015ea\u00adza\u00adda \u00c7arlz eje\u00adsi\u00adni\u0148 or\u00adnu\u00adna ge\u00ad\u00e7ip, Ko\u00adrol Karl III ady\u00adna e\u00fde bol\u00addy. \u00dde\u00adli\u00adza\u00adwe\u00adta II 19-njy sent\u00ad\u00fdabr\u00adda Wind\u00adsor ga\u00adla\u00adsy\u00adny\u0148 me\u00fd\u00addan\u00ad\u00e7a\u00adsyn\u00adda\u00adky Georg VI but\u00adha\u00adna\u00adsyn\u00adda ja\u00fd\u00adlan\u00addy.<\/p>\n","protected":false},"excerpt":{"rendered":"<p>Be\u00ad\u00fdik Bri\u00adta\u00adni\u00ad\u00fda\u00adny\u0148 po\u00e7\u00adta\u00adsy Ko\u00adrol Karl III-i\u0148 port\u00adre\u00adti go\u00fd\u00adlan il\u00adkin\u00adji mar\u00adka\u00adla\u00adry\u00adny h\u00f6\u00add\u00fcr\u00adle\u00addi. Bu ba\u00adra\u00adda \u201cTi\u00admes\u201d ne\u00ad\u015fi\u00adri ha\u00adbar ber\u00addi. Ne\u00ad\u015fi\u00adri\u0148 mag\u00adlu\u00admat\u00adla\u00adry\u00adna g\u00f6\u00adr\u00e4, mo\u00adnarh mar\u00adka\u00adda \u00e7e\u00adpe ba\u00adkyp du\u00adran pro\u00adfil\u00adde \u015fe\u00adkil\u00adlen\u00addi\u00adri\u00adlip\u00addir. Mo\u00adnar\u00adhy\u0148 \u015fe\u00fd\u00adle \u015fe\u00adki\u00adli\u00adni\u0148 d\u00e4\u00adbi, 1840-njy \u00fdyl\u00adda \u015ea ze\u00adnan Wik\u00adto\u00adri\u00ad\u00fda\u00adny\u0148 port\u00adre\u00adti go\u00fd\u00adlan il\u00adkin\u00adji \u201cPen\u00adny Black\u201d po\u00e7\u00adta mar\u00adka\u00adsy\u00adny\u0148 pe\u00fd\u00adda bol\u00adma\u00adgyn\u00addan b\u00e4\u00adri sak\u00adla\u00adnyp ga\u00adlyp\u00addyr. Bu mar\u00adka, esa\u00adsan, hi\u00e7 hi\u00adli be\u00adze\u00adgi\u00adni\u0148, t\u00e4\u00adji\u00adni\u0148 [&hellip;]<\/p>\n","protected":false},"author":2,"featured_media":72453,"comment_status":"open","ping_status":"closed","sticky":false,"template":"","format":"standard","meta":{"footnotes":""},"categories":[5],"tags":[],"acf":[],"_links":{"self":[{"href":"https:\/\/zamanturkmenistan.com.tm\/index.php?rest_route=\/wp\/v2\/posts\/72452"}],"collection":[{"href":"https:\/\/zamanturkmenistan.com.tm\/index.php?rest_route=\/wp\/v2\/posts"}],"about":[{"href":"https:\/\/zamanturkmenistan.com.tm\/index.php?rest_route=\/wp\/v2\/types\/post"}],"author":[{"embeddable":true,"href":"https:\/\/zamanturkmenistan.com.tm\/index.php?rest_route=\/wp\/v2\/users\/2"}],"replies":[{"embeddable":true,"href":"https:\/\/zamanturkmenistan.com.tm\/index.php?rest_route=%2Fwp%2Fv2%2Fcomments&post=72452"}],"version-history":[{"count":1,"href":"https:\/\/zamanturkmenistan.com.tm\/index.php?rest_route=\/wp\/v2\/posts\/72452\/revisions"}],"predecessor-version":[{"id":72454,"href":"https:\/\/zamanturkmenistan.com.tm\/index.php?rest_route=\/wp\/v2\/posts\/72452\/revisions\/72454"}],"wp:featuredmedia":[{"embeddable":true,"href":"https:\/\/zamanturkmenistan.com.tm\/index.php?rest_route=\/wp\/v2\/media\/72453"}],"wp:attachment":[{"href":"https:\/\/zamanturkmenistan.com.tm\/index.php?rest_route=%2Fwp%2Fv2%2Fmedia&parent=72452"}],"wp:term":[{"taxonomy":"category","embeddable":true,"href":"https:\/\/zamanturkmenistan.com.tm\/index.php?rest_route=%2Fwp%2Fv2%2Fcategories&post=72452"},{"taxonomy":"post_tag","embeddable":true,"href":"https:\/\/zamanturkmenistan.com.tm\/index.php?rest_route=%2Fwp%2Fv2%2Ftags&post=72452"}],"curies":[{"name":"wp","href":"https:\/\/api.w.org\/{rel}","templated":true}]}}