{"id":72482,"date":"2023-02-11T09:33:24","date_gmt":"2023-02-11T04:33:24","guid":{"rendered":"https:\/\/zamanturkmenistan.com.tm\/?p=72482"},"modified":"2023-03-17T18:26:12","modified_gmt":"2023-03-17T13:26:12","slug":"asgabatda-abs-nyn-brodwey-sazy-yanlandy","status":"publish","type":"post","link":"https:\/\/zamanturkmenistan.com.tm\/?p=72482","title":{"rendered":"A\u015fgabatda AB\u015e-ny\u0148 Brodwe\u00fd sazy \u00fda\u0148landy"},"content":{"rendered":"<p>10-njy few\u00adra\u00adlyn\u00adda A\u015f\u00adga\u00adbat\u00adda\u00adky Mu\u00adkam\u00adlar k\u00f6\u015f\u00adg\u00fcn\u00adde Ame\u00adri\u00adkan-T\u00fcrk\u00admen Brod\u00adwe\u00fd kon\u00adser\u00adti uly \u015fow\u00adhun bi\u00adlen ge\u00ad\u00e7i\u00adril\u00addi. 1000-den gow\u00adrak a\u00fd\u00addym-saz s\u00f6\u00ad\u00fd\u00fc\u00adji\u00adsi\u00adni\u0148 gat\u00adna\u015f\u00adma\u00adgyn\u00adda ge\u00ad\u00e7i\u00adri\u00adlen kon\u00adsert\u00adde \u201cWest Si\u00adde Sto\u00adry\u201d, \u201cThe Phan\u00adtom of the Ope\u00adra\u201d, \u201cPi\u00adra\u00adtes of the Carib\u00adbe\u00adan\u201d we Brod\u00adwe\u00ad\u00fdi\u0148 be\u00fd\u00adle\u00adki klas\u00adsik eser\u00adle\u00adrin\u00adden \u00e7y\u00adky\u015f\u00adlar \u00fda\u0148\u00adlan\u00addy.<br \/>\nDa\u00adba\u00adra\u00adny\u0148 a\u00e7yl\u00ad\u015fyn\u00adda AB\u015e-ny\u0148 T\u00fcrk\u00adme\u00adnis\u00adtan\u00adda\u00adky Il\u00ad\u00e7i\u00adsi Mett\u00ad\u00fdu S. Kli\u00admow \u015fe\u00fd\u00adle bel\u00adle\u00addi: \u00abAme\u00adri\u00adka\u00adny\u0148 Bir\u00adle\u00ad\u015fen \u015etat\u00adla\u00adry\u00adny\u0148 Il\u00ad\u00e7i\u00adha\u00adna\u00adsy, A\u015f\u00adga\u00adbat jem\u00adgy\u00ad\u00fde\u00adti\u00adne \u201cAme\u00adrican Mu\u00adsic Ab\u00adro\u00adad\u201d mak\u00adsat\u00adna\u00adma\u00adsy\u00adny\u0148 Ke\u00fdt Bass we \u00c4ren \u00dda\u0148 \u00fde\u00adri\u00adne \u00fde\u00adti\u00adri\u00adji\u00adle\u00adri\u00adni\u0148 gat\u00adna\u015f\u00adma\u00adgyn\u00adda Ame\u00adri\u00adkan-t\u00fcrk\u00admen Brod\u00adwe\u00fd kon\u00adser\u00adti\u00adni h\u00f6\u00add\u00fcr\u00adle\u00admek\u00adden ho\u00ad\u015fal\u00adlyk du\u00fd\u00ad\u00fdar. Hep\u00add\u00e4\u00adni\u0148 do\u00adwa\u00admyn\u00adda olar Ra\u00adsul Kly\u00ad\u00e7e\u00adwi\u0148 \u00fdol\u00adba\u015f\u00ad\u00e7y\u00adly\u00adgyn\u00adda\u00adky D\u00f6w\u00adlet sim\u00adfo\u00adni\u00adki or\u00adkest\u00adri bi\u00adlen re\u00adpe\u00adti\u00adsi\u00ad\u00fda ge\u00ad\u00e7ir\u00addi\u00adler\u00bb.<\/p>\n<p><img decoding=\"async\" loading=\"lazy\" class=\"alignleft wp-image-72484 size-medium\" src=\"https:\/\/zamanturkmenistan.com.tm\/wp-content\/uploads\/2023\/02\/broadway-concert-ashgabat-10th-febuary-300x271.jpg\" alt=\"\" width=\"300\" height=\"271\" srcset=\"https:\/\/zamanturkmenistan.com.tm\/wp-content\/uploads\/2023\/02\/broadway-concert-ashgabat-10th-febuary-300x271.jpg 300w, https:\/\/zamanturkmenistan.com.tm\/wp-content\/uploads\/2023\/02\/broadway-concert-ashgabat-10th-febuary-696x630.jpg 696w, https:\/\/zamanturkmenistan.com.tm\/wp-content\/uploads\/2023\/02\/broadway-concert-ashgabat-10th-febuary-464x420.jpg 464w, https:\/\/zamanturkmenistan.com.tm\/wp-content\/uploads\/2023\/02\/broadway-concert-ashgabat-10th-febuary.jpg 705w\" sizes=\"(max-width: 300px) 100vw, 300px\" \/><\/p>\n<p>10 g\u00fcn\u00adl\u00fck mak\u00adsat\u00adna\u00adma\u00adny\u0148 do\u00adwa\u00admyn\u00adda ame\u00adri\u00adkan we t\u00fcrk\u00admen sa\u00adzan\u00adda\u00adla\u00adry \u00e7e\u00adper\u00ad\u00e7i\u00adlik we wo\u00adkal teh\u00adni\u00adka\u00adsy bo\u00ad\u00fdun\u00ad\u00e7a tej\u00adri\u00adbe aly\u015f\u00addy\u00adlar. Ke\u00fdt Bass we \u00c4ren \u00dda\u0148, T\u00fcrk\u00adme\u00adnis\u00adta\u00adny\u0148 D\u00f6w\u00adlet sim\u00adfo\u00adni\u00adki or\u00adkest\u00adri, Ma\u00ad\u00fda Ku\u00adly\u00ad\u00fde\u00adwa adyn\u00adda\u00adky T\u00fcrk\u00admen mil\u00adli kon\u00adser\u00adwa\u00adto\u00adri\u00ad\u00fda\u00adsy\u00adny\u0148 ta\u00adlyp\u00adla\u00adry we D\u00f6w\u00adlet ho\u00adry bi\u00adlen \u00fda\u00adkyn\u00addan i\u015f\u00adle\u015f\u00addi\u00adler.<br \/>\n\u201cAme\u00adrican Voices\u201d as\u00adso\u00adsia\u00adsi\u00ad\u00fda\u00adsy ta\u00adra\u00adpyn\u00addan do\u00adlan\u00addy\u00adryl\u00ad\u00fdan AB\u015e-ny\u0148 D\u00f6w\u00adlet de\u00adpar\u00adta\u00admen\u00adti\u00adni\u0148 \u201cAme\u00adrican Mu\u00adsic Ab\u00adro\u00adad\u201d mak\u00adsat\u00adna\u00adma\u00adsy, kon\u00adsert\u00adler, bi\u00adle\u00adlik\u00add\u00e4\u00adki \u00e7y\u00adky\u015f\u00adlar, lek\u00adsi\u00ad\u00fda\u00adlar we se\u00admi\u00adnar\u00adlar ar\u00adka\u00adly me\u00adde\u00adni ara\u00adgat\u00adna\u00ad\u015fy\u00adgy we adam\u00adla\u00adry\u0148 ara\u00adsyn\u00adda\u00adky bag\u00adla\u00adry \u00f6s\u00add\u00fc\u00adrip, Ame\u00adri\u00adka\u00adny\u0148 ba\u00fd a\u00fd\u00addym-saz go\u00ad\u015fant\u00adla\u00adry\u00adny di\u0148\u00adle\u00fd\u00adji\u00adle\u00adre \u00fde\u00adtir\u00adm\u00e4\u00adge \u00e7a\u00adly\u015f\u00ad\u00fdar.<\/p>\n","protected":false},"excerpt":{"rendered":"<p>10-njy few\u00adra\u00adlyn\u00adda A\u015f\u00adga\u00adbat\u00adda\u00adky Mu\u00adkam\u00adlar k\u00f6\u015f\u00adg\u00fcn\u00adde Ame\u00adri\u00adkan-T\u00fcrk\u00admen Brod\u00adwe\u00fd kon\u00adser\u00adti uly \u015fow\u00adhun bi\u00adlen ge\u00ad\u00e7i\u00adril\u00addi. 1000-den gow\u00adrak a\u00fd\u00addym-saz s\u00f6\u00ad\u00fd\u00fc\u00adji\u00adsi\u00adni\u0148 gat\u00adna\u015f\u00adma\u00adgyn\u00adda ge\u00ad\u00e7i\u00adri\u00adlen kon\u00adsert\u00adde \u201cWest Si\u00adde Sto\u00adry\u201d, \u201cThe Phan\u00adtom of the Ope\u00adra\u201d, \u201cPi\u00adra\u00adtes of the Carib\u00adbe\u00adan\u201d we Brod\u00adwe\u00ad\u00fdi\u0148 be\u00fd\u00adle\u00adki klas\u00adsik eser\u00adle\u00adrin\u00adden \u00e7y\u00adky\u015f\u00adlar \u00fda\u0148\u00adlan\u00addy. Da\u00adba\u00adra\u00adny\u0148 a\u00e7yl\u00ad\u015fyn\u00adda AB\u015e-ny\u0148 T\u00fcrk\u00adme\u00adnis\u00adtan\u00adda\u00adky Il\u00ad\u00e7i\u00adsi Mett\u00ad\u00fdu S. Kli\u00admow \u015fe\u00fd\u00adle bel\u00adle\u00addi: \u00abAme\u00adri\u00adka\u00adny\u0148 Bir\u00adle\u00ad\u015fen \u015etat\u00adla\u00adry\u00adny\u0148 Il\u00ad\u00e7i\u00adha\u00adna\u00adsy, A\u015f\u00adga\u00adbat jem\u00adgy\u00ad\u00fde\u00adti\u00adne \u201cAme\u00adrican [&hellip;]<\/p>\n","protected":false},"author":2,"featured_media":72483,"comment_status":"open","ping_status":"closed","sticky":false,"template":"","format":"standard","meta":{"footnotes":""},"categories":[12],"tags":[],"acf":[],"_links":{"self":[{"href":"https:\/\/zamanturkmenistan.com.tm\/index.php?rest_route=\/wp\/v2\/posts\/72482"}],"collection":[{"href":"https:\/\/zamanturkmenistan.com.tm\/index.php?rest_route=\/wp\/v2\/posts"}],"about":[{"href":"https:\/\/zamanturkmenistan.com.tm\/index.php?rest_route=\/wp\/v2\/types\/post"}],"author":[{"embeddable":true,"href":"https:\/\/zamanturkmenistan.com.tm\/index.php?rest_route=\/wp\/v2\/users\/2"}],"replies":[{"embeddable":true,"href":"https:\/\/zamanturkmenistan.com.tm\/index.php?rest_route=%2Fwp%2Fv2%2Fcomments&post=72482"}],"version-history":[{"count":1,"href":"https:\/\/zamanturkmenistan.com.tm\/index.php?rest_route=\/wp\/v2\/posts\/72482\/revisions"}],"predecessor-version":[{"id":72485,"href":"https:\/\/zamanturkmenistan.com.tm\/index.php?rest_route=\/wp\/v2\/posts\/72482\/revisions\/72485"}],"wp:featuredmedia":[{"embeddable":true,"href":"https:\/\/zamanturkmenistan.com.tm\/index.php?rest_route=\/wp\/v2\/media\/72483"}],"wp:attachment":[{"href":"https:\/\/zamanturkmenistan.com.tm\/index.php?rest_route=%2Fwp%2Fv2%2Fmedia&parent=72482"}],"wp:term":[{"taxonomy":"category","embeddable":true,"href":"https:\/\/zamanturkmenistan.com.tm\/index.php?rest_route=%2Fwp%2Fv2%2Fcategories&post=72482"},{"taxonomy":"post_tag","embeddable":true,"href":"https:\/\/zamanturkmenistan.com.tm\/index.php?rest_route=%2Fwp%2Fv2%2Ftags&post=72482"}],"curies":[{"name":"wp","href":"https:\/\/api.w.org\/{rel}","templated":true}]}}