{"id":72783,"date":"2023-02-17T10:56:11","date_gmt":"2023-02-17T05:56:11","guid":{"rendered":"https:\/\/zamanturkmenistan.com.tm\/?p=72783"},"modified":"2023-02-17T15:46:37","modified_gmt":"2023-02-17T10:46:37","slug":"kabir-yokary-okuw-mekdeplerinde-yunesko-nyn-kafedralary-doredildi","status":"publish","type":"post","link":"https:\/\/zamanturkmenistan.com.tm\/?p=72783","title":{"rendered":"K\u00e4bir \u00fdokary okuw mekdeplerinde \u00ddUNESKO-ny\u0148 kafedralary d\u00f6redildi"},"content":{"rendered":"<p>16-njy few\u00adral\u00adda T\u00fcrk\u00adme\u00adnis\u00adta\u00adny\u0148 Da\u00ad\u015fa\u00adry i\u015f\u00adler mi\u00adnistr\u00adli\u00adgin\u00adde \u00fdur\u00addu\u0148 k\u00e4\u00adbir \u00fdo\u00adka\u00adry okuw mek\u00addep\u00adle\u00adrin\u00adde \u00ddU\u00adNES\u00adKO-ny\u0148 ka\u00adfed\u00adra\u00adla\u00adry\u00adny d\u00f6\u00adret\u00admek ba\u00adra\u00adda\u00adky iki\u00adta\u00adrap\u00adla\u00ad\u00fdyn res\u00admi\u00adna\u00adma\u00adla\u00adra gol \u00e7e\u00adki\u015f\u00adme\u00adgi\u0148 res\u00admi da\u00adba\u00adra\u00adsy ge\u00ad\u00e7i\u00adril\u00addi.<br \/>\nBu \u00e7\u00e4\u00adr\u00e4 Da\u00ad\u015fa\u00adry i\u015f\u00adler mi\u00adnistr\u00adli\u00adgi\u00adni\u0148, T\u00fcrk\u00adme\u00adnis\u00adta\u00adny\u0148 Bi\u00adlim mi\u00adnistr\u00adli\u00adgi\u00adni\u0148 \u00fdol\u00adba\u015f\u00ad\u00e7y\u00adla\u00adry we i\u015f\u00adg\u00e4r\u00adle\u00adri, Mag\u00adtym\u00adgu\u00adly adyn\u00adda\u00adky T\u00fcrk\u00admen d\u00f6w\u00adlet uni\u00adwer\u00adsi\u00adte\u00adti\u00adni\u0148 hem-de Se\u00ad\u00fdit\u00adna\u00adzar Se\u00ad\u00fdit\u00adna\u00adzar Se\u00fd\u00addi adyn\u00adda\u00adky T\u00fcrk\u00admen d\u00f6w\u00adlet mu\u00adgal\u00adlym\u00ad\u00e7y\u00adlyk ins\u00adti\u00adtu\u00adty\u00adny\u0148 rek\u00adtor\u00adla\u00adry, \u00ddU\u00adNES\u00adKO-ny\u0148 we \u00ddU\u00adNES\u00adKO-ny\u0148 i\u015fi bo\u00ad\u00fdun\u00ad\u00e7a T\u00fcrk\u00adme\u00adnis\u00adta\u00adny\u0148 Mil\u00adli to\u00adpa\u00adry\u00adny\u0148 \u00fdol\u00adba\u015f\u00ad\u00e7y we\u00adkil\u00adle\u00adri gat\u00adna\u015f\u00addy.<br \/>\nGol \u00e7e\u00adki\u015f\u00adlik da\u00adba\u00adra\u00adsy\u00adny T\u00fcrk\u00adme\u00adnis\u00adta\u00adny\u0148 Fran\u00adsi\u00ad\u00fda\u00adda\u00adky Adat\u00addan da\u00ad\u015fa\u00adry we Do\u00adly yg\u00adty\u00ad\u00fdar\u00adly il\u00ad\u00e7i\u00adsi, T\u00fcrk\u00adme\u00adnis\u00adta\u00adny\u0148 \u00ddU\u00adNES\u00adKO-da\u00adky he\u00admi\u00ad\u015fe\u00adlik we\u00adki\u00adli M.\u00c7a\u00adry\u00ad\u00fdew a\u00e7\u00addy. \u015ee\u00fd\u00adle hem, \u00e7\u00e4\u00adr\u00e4\u00adni\u0148 do\u00adwa\u00admyn\u00adda T\u00fcrk\u00adme\u00adnis\u00adta\u00adny\u0148 Bi\u00adlim mi\u00adnist\u00adri G.Ata\u00ad\u00fde\u00adwa, \u00ddU\u00adNES\u00adKO-ny\u0148 ba\u015f di\u00adrek\u00adto\u00adry\u00adny\u0148 orun\u00adba\u00adsa\u00adry ha\u00adnym Ste\u00adfa\u00adnia Jan\u00adni\u00adni we \u00ddU\u00adNES\u00adKO-ny\u0148 i\u015fi bo\u00ad\u00fdun\u00ad\u00e7a T\u00fcrk\u00adme\u00adnis\u00adta\u00adny\u0148 Mil\u00adli to\u00adpa\u00adry\u00adny\u0148 Jo\u00adgap\u00adk\u00e4r sek\u00adre\u00adta\u00adry \u00c7.R\u00fcs\u00adte\u00admo\u00adwa \u00e7y\u00adky\u015f et\u00addi. \u00c7y\u00adky\u015f eden\u00adler T\u00fcrk\u00adme\u00adnis\u00adtan\u00adda \u00ddU\u00adNES\u00adKO-ny\u0148 il\u00adkin\u00adji ka\u00adfed\u00adra\u00adla\u00adry\u00adny\u0148 a\u00e7yl\u00adma\u00adgy\u00adny\u0148 \u00e4h\u00admi\u00ad\u00fde\u00adti\u00adni nyg\u00adtap ge\u00e7\u00addi\u00adler.<br \/>\nSo\u0148\u00adra Mag\u00adtym\u00adgu\u00adly adyn\u00adda\u00adky TDU-ni\u0148 rek\u00adto\u00adry B.Oraz\u00addur\u00addy\u00ad\u00fde\u00adwa Mag\u00adtym\u00adgu\u00adly adyn\u00adda\u00adky T\u00fcrk\u00admen d\u00f6w\u00adlet uni\u00adwer\u00adsi\u00adte\u00adtin\u00adde \u00ddU\u00adNES\u00adKO-ny\u0148 &#8220;Me\u00adde\u00adni mi\u00adras: ge\u00e7\u00admi\u015f\u00adden gel\u00adje\u00adge&#8221; ka\u00adfed\u00adra\u00adsy\u00adny d\u00f6\u00adret\u00admek ba\u00adra\u00adda\u00adky yla\u00adla\u00ad\u015fy\u00adga gol \u00e7ek\u00addi. Se\u00ad\u00fdit\u00adna\u00adzar Se\u00fd\u00addi adyn\u00adda\u00adky T\u00fcrk\u00admen d\u00f6w\u00adlet mu\u00adgal\u00adlym\u00ad\u00e7y\u00adlyk ins\u00adti\u00adtu\u00adty\u00adny\u0148 rek\u00adto\u00adry G.Mu\u00adham\u00adme\u00addow \u00ddU\u00adNES\u00adKO-ny\u0148 &#8220;Dur\u00adnuk\u00adly \u00f6s\u00fc\u00ad\u015fi\u0148 b\u00e4h\u00adbi\u00addi\u00adne eko\u00adlo\u00adgi\u00ad\u00fda bi\u00adli\u00admi&#8221; ka\u00adfed\u00adra\u00adsy\u00adny d\u00f6\u00adret\u00admek ba\u00adra\u00adda\u00adky yla\u00adla\u00ad\u015fy\u00adga gol \u00e7ek\u00addi.<br \/>\n117 d\u00f6w\u00adle\u00adti\u0148 \u00fdo\u00adka\u00adry okuw ja\u00fd\u00adla\u00adry\u00adny\u0148 \u015fu\u00ad\u0148a me\u0148\u00adze\u015f ka\u00adfed\u00adra\u00adla\u00adry\u00adny bir\u00adle\u015f\u00addir\u00ad\u00fd\u00e4n \u00ddU\u00adNES\u00adKO UNIT\u00adWIN ka\u00adfed\u00adra\u00adla\u00adry\u00adny\u0148 to\u00adry, ola\u00adra ylym we bi\u00adlim pu\u00adda\u00adgyn\u00adda k\u00f6p\u00adta\u00adrap\u00adla\u00ad\u00fdyn hyz\u00admat\u00adda\u015f\u00adly\u00adgy \u00f6s\u00add\u00fcr\u00adm\u00e4\u00adge we hal\u00adka\u00adra m\u00f6\u00e7\u00adbe\u00adrin\u00adde mil\u00adli tej\u00adri\u00adbe\u00adsi\u00adni pa\u00fd\u00adla\u015f\u00adma\u00adga m\u00fcm\u00adkin\u00ad\u00e7i\u00adlik ber\u00ad\u00fd\u00e4r.<\/p>\n","protected":false},"excerpt":{"rendered":"<p>16-njy few\u00adral\u00adda T\u00fcrk\u00adme\u00adnis\u00adta\u00adny\u0148 Da\u00ad\u015fa\u00adry i\u015f\u00adler mi\u00adnistr\u00adli\u00adgin\u00adde \u00fdur\u00addu\u0148 k\u00e4\u00adbir \u00fdo\u00adka\u00adry okuw mek\u00addep\u00adle\u00adrin\u00adde \u00ddU\u00adNES\u00adKO-ny\u0148 ka\u00adfed\u00adra\u00adla\u00adry\u00adny d\u00f6\u00adret\u00admek ba\u00adra\u00adda\u00adky iki\u00adta\u00adrap\u00adla\u00ad\u00fdyn res\u00admi\u00adna\u00adma\u00adla\u00adra gol \u00e7e\u00adki\u015f\u00adme\u00adgi\u0148 res\u00admi da\u00adba\u00adra\u00adsy ge\u00ad\u00e7i\u00adril\u00addi. Bu \u00e7\u00e4\u00adr\u00e4 Da\u00ad\u015fa\u00adry i\u015f\u00adler mi\u00adnistr\u00adli\u00adgi\u00adni\u0148, T\u00fcrk\u00adme\u00adnis\u00adta\u00adny\u0148 Bi\u00adlim mi\u00adnistr\u00adli\u00adgi\u00adni\u0148 \u00fdol\u00adba\u015f\u00ad\u00e7y\u00adla\u00adry we i\u015f\u00adg\u00e4r\u00adle\u00adri, Mag\u00adtym\u00adgu\u00adly adyn\u00adda\u00adky T\u00fcrk\u00admen d\u00f6w\u00adlet uni\u00adwer\u00adsi\u00adte\u00adti\u00adni\u0148 hem-de Se\u00ad\u00fdit\u00adna\u00adzar Se\u00ad\u00fdit\u00adna\u00adzar Se\u00fd\u00addi adyn\u00adda\u00adky T\u00fcrk\u00admen d\u00f6w\u00adlet mu\u00adgal\u00adlym\u00ad\u00e7y\u00adlyk ins\u00adti\u00adtu\u00adty\u00adny\u0148 rek\u00adtor\u00adla\u00adry, \u00ddU\u00adNES\u00adKO-ny\u0148 we \u00ddU\u00adNES\u00adKO-ny\u0148 i\u015fi bo\u00ad\u00fdun\u00ad\u00e7a T\u00fcrk\u00adme\u00adnis\u00adta\u00adny\u0148 Mil\u00adli [&hellip;]<\/p>\n","protected":false},"author":2,"featured_media":72787,"comment_status":"open","ping_status":"closed","sticky":false,"template":"","format":"standard","meta":{"footnotes":""},"categories":[3],"tags":[],"acf":[],"_links":{"self":[{"href":"https:\/\/zamanturkmenistan.com.tm\/index.php?rest_route=\/wp\/v2\/posts\/72783"}],"collection":[{"href":"https:\/\/zamanturkmenistan.com.tm\/index.php?rest_route=\/wp\/v2\/posts"}],"about":[{"href":"https:\/\/zamanturkmenistan.com.tm\/index.php?rest_route=\/wp\/v2\/types\/post"}],"author":[{"embeddable":true,"href":"https:\/\/zamanturkmenistan.com.tm\/index.php?rest_route=\/wp\/v2\/users\/2"}],"replies":[{"embeddable":true,"href":"https:\/\/zamanturkmenistan.com.tm\/index.php?rest_route=%2Fwp%2Fv2%2Fcomments&post=72783"}],"version-history":[{"count":2,"href":"https:\/\/zamanturkmenistan.com.tm\/index.php?rest_route=\/wp\/v2\/posts\/72783\/revisions"}],"predecessor-version":[{"id":72835,"href":"https:\/\/zamanturkmenistan.com.tm\/index.php?rest_route=\/wp\/v2\/posts\/72783\/revisions\/72835"}],"wp:featuredmedia":[{"embeddable":true,"href":"https:\/\/zamanturkmenistan.com.tm\/index.php?rest_route=\/wp\/v2\/media\/72787"}],"wp:attachment":[{"href":"https:\/\/zamanturkmenistan.com.tm\/index.php?rest_route=%2Fwp%2Fv2%2Fmedia&parent=72783"}],"wp:term":[{"taxonomy":"category","embeddable":true,"href":"https:\/\/zamanturkmenistan.com.tm\/index.php?rest_route=%2Fwp%2Fv2%2Fcategories&post=72783"},{"taxonomy":"post_tag","embeddable":true,"href":"https:\/\/zamanturkmenistan.com.tm\/index.php?rest_route=%2Fwp%2Fv2%2Ftags&post=72783"}],"curies":[{"name":"wp","href":"https:\/\/api.w.org\/{rel}","templated":true}]}}