{"id":72797,"date":"2023-02-17T11:28:12","date_gmt":"2023-02-17T06:28:12","guid":{"rendered":"https:\/\/zamanturkmenistan.com.tm\/?p=72797"},"modified":"2023-02-17T11:28:12","modified_gmt":"2023-02-17T06:28:12","slug":"turkmenistanyn-prezidenti-tajigistan-respublikasynyn-prezidentine-gynanc-bildirdi","status":"publish","type":"post","link":"https:\/\/zamanturkmenistan.com.tm\/?p=72797","title":{"rendered":"T\u00fcrkmenistany\u0148 Prezidenti T\u00e4jigistan Respublikasyny\u0148 Prezidentine gynan\u00e7 bildirdi"},"content":{"rendered":"<div class=\"\">\n<div class=\"post-body mt-4 pl-0 pr-0\">\n<p class=\"text\">Hormatly Prezidentimiz Serdar Berdimuhamedow T\u00e4jigistan Respublikasyny\u0148 Prezidenti Emomali Rahmona \u00fdurdu\u0148 Daglyk-Badah\u015fan awtonom oblastynda bolup ge\u00e7en, k\u00f6p sanly adam pidalaryna we \u015fikes \u00fdetmelerine, we\u00fdran\u00e7ylyklara getiren gar s\u00fc\u00fd\u015fg\u00fcnleri zerarly gynan\u00e7 hatyny iberdi.<\/p>\n<p class=\"text\">D\u00f6wlet Ba\u015ftutanymyz \u015fu agyr pursatda gurban bolanlary\u0148 dogan-garynda\u015flaryna hem-de \u00fdakynlaryna T\u00fcrkmenistany\u0148 halkyny\u0148 we H\u00f6k\u00fcmetini\u0148 adyndan, \u015fe\u00fdle-de hut \u00f6z adyndan \u00fd\u00fcrekden gynanjyny, medet beriji s\u00f6zlerini \u00fdetirdi, ejir \u00e7ekenlere bolsa tiz wagtda sagalmaklary baradaky dileglerini be\u00fdan etdi.<\/p>\n<\/div>\n<\/div>\n<div class=\"text-right\" style=\"text-align: right;\"><strong>(TDH)<\/strong><\/div>\n","protected":false},"excerpt":{"rendered":"<p>Hormatly Prezidentimiz Serdar Berdimuhamedow T\u00e4jigistan Respublikasyny\u0148 Prezidenti Emomali Rahmona \u00fdurdu\u0148 Daglyk-Badah\u015fan awtonom oblastynda bolup ge\u00e7en, k\u00f6p sanly adam pidalaryna we \u015fikes \u00fdetmelerine, we\u00fdran\u00e7ylyklara getiren gar s\u00fc\u00fd\u015fg\u00fcnleri zerarly gynan\u00e7 hatyny iberdi. D\u00f6wlet Ba\u015ftutanymyz \u015fu agyr pursatda gurban bolanlary\u0148 dogan-garynda\u015flaryna hem-de \u00fdakynlaryna T\u00fcrkmenistany\u0148 halkyny\u0148 we H\u00f6k\u00fcmetini\u0148 adyndan, \u015fe\u00fdle-de hut \u00f6z adyndan \u00fd\u00fcrekden gynanjyny, medet beriji s\u00f6zlerini \u00fdetirdi, [&hellip;]<\/p>\n","protected":false},"author":2,"featured_media":72798,"comment_status":"open","ping_status":"closed","sticky":false,"template":"","format":"standard","meta":{"footnotes":""},"categories":[3],"tags":[],"acf":[],"_links":{"self":[{"href":"https:\/\/zamanturkmenistan.com.tm\/index.php?rest_route=\/wp\/v2\/posts\/72797"}],"collection":[{"href":"https:\/\/zamanturkmenistan.com.tm\/index.php?rest_route=\/wp\/v2\/posts"}],"about":[{"href":"https:\/\/zamanturkmenistan.com.tm\/index.php?rest_route=\/wp\/v2\/types\/post"}],"author":[{"embeddable":true,"href":"https:\/\/zamanturkmenistan.com.tm\/index.php?rest_route=\/wp\/v2\/users\/2"}],"replies":[{"embeddable":true,"href":"https:\/\/zamanturkmenistan.com.tm\/index.php?rest_route=%2Fwp%2Fv2%2Fcomments&post=72797"}],"version-history":[{"count":1,"href":"https:\/\/zamanturkmenistan.com.tm\/index.php?rest_route=\/wp\/v2\/posts\/72797\/revisions"}],"predecessor-version":[{"id":72799,"href":"https:\/\/zamanturkmenistan.com.tm\/index.php?rest_route=\/wp\/v2\/posts\/72797\/revisions\/72799"}],"wp:featuredmedia":[{"embeddable":true,"href":"https:\/\/zamanturkmenistan.com.tm\/index.php?rest_route=\/wp\/v2\/media\/72798"}],"wp:attachment":[{"href":"https:\/\/zamanturkmenistan.com.tm\/index.php?rest_route=%2Fwp%2Fv2%2Fmedia&parent=72797"}],"wp:term":[{"taxonomy":"category","embeddable":true,"href":"https:\/\/zamanturkmenistan.com.tm\/index.php?rest_route=%2Fwp%2Fv2%2Fcategories&post=72797"},{"taxonomy":"post_tag","embeddable":true,"href":"https:\/\/zamanturkmenistan.com.tm\/index.php?rest_route=%2Fwp%2Fv2%2Ftags&post=72797"}],"curies":[{"name":"wp","href":"https:\/\/api.w.org\/{rel}","templated":true}]}}