{"id":73107,"date":"2023-02-21T14:59:03","date_gmt":"2023-02-21T09:59:03","guid":{"rendered":"https:\/\/zamanturkmenistan.com.tm\/?p=73107"},"modified":"2023-02-21T17:41:32","modified_gmt":"2023-02-21T12:41:32","slug":"plastigi-ulanmak-kararyna-geldi","status":"publish","type":"post","link":"https:\/\/zamanturkmenistan.com.tm\/?p=73107","title":{"rendered":"Plas\u00adti\u00adgi ulan\u00admak ka\u00adra\u00adry\u00adna gel\u00addi"},"content":{"rendered":"<p>G\u00fc\u00adnor\u00adta Ko\u00adre\u00ad\u00fda\u00adny\u0148 \u00abSam\u00adsung\u00bb kom\u00adpa\u00adni\u00ad\u00fda\u00adsy 2050-nji \u00fdy\u00adla \u00e7en\u00adli \u00e4h\u00adli smart\u00adfon\u00adla\u00adry\u00adny\u0148 \u00f6n\u00fcm\u00ad\u00e7i\u00adli\u00adgin\u00adde ga\u00fd\u00adta\u00addan i\u015f\u00adle\u00adnen plas\u00adti\u00adgi ulan\u00adma\u00adgy mak\u00adsat edin\u00ad\u00fd\u00e4r. Kompani\u00fda t\u00e4\u00adze flag\u00adman \u00abGa\u00adlaxy\u00bb smart\u00adfon\u00adla\u00adryny\u0148 \u00e4hlisinde \u015fe\u00fdle ma\u00adte\u00adri\u00adal\u00adla\u00adry\u00ad ulan\u00adma\u00adga giri\u015filjekdigini m\u00e4lim etdi.<\/p>\n","protected":false},"excerpt":{"rendered":"<p>G\u00fc\u00adnor\u00adta Ko\u00adre\u00ad\u00fda\u00adny\u0148 \u00abSam\u00adsung\u00bb kom\u00adpa\u00adni\u00ad\u00fda\u00adsy 2050-nji \u00fdy\u00adla \u00e7en\u00adli \u00e4h\u00adli smart\u00adfon\u00adla\u00adry\u00adny\u0148 \u00f6n\u00fcm\u00ad\u00e7i\u00adli\u00adgin\u00adde ga\u00fd\u00adta\u00addan i\u015f\u00adle\u00adnen plas\u00adti\u00adgi ulan\u00adma\u00adgy mak\u00adsat edin\u00ad\u00fd\u00e4r. Kompani\u00fda t\u00e4\u00adze flag\u00adman \u00abGa\u00adlaxy\u00bb smart\u00adfon\u00adla\u00adryny\u0148 \u00e4hlisinde \u015fe\u00fdle ma\u00adte\u00adri\u00adal\u00adla\u00adry\u00ad ulan\u00adma\u00adga giri\u015filjekdigini m\u00e4lim etdi.<\/p>\n","protected":false},"author":2,"featured_media":73108,"comment_status":"open","ping_status":"closed","sticky":false,"template":"","format":"standard","meta":{"footnotes":""},"categories":[5,8],"tags":[],"acf":[],"_links":{"self":[{"href":"https:\/\/zamanturkmenistan.com.tm\/index.php?rest_route=\/wp\/v2\/posts\/73107"}],"collection":[{"href":"https:\/\/zamanturkmenistan.com.tm\/index.php?rest_route=\/wp\/v2\/posts"}],"about":[{"href":"https:\/\/zamanturkmenistan.com.tm\/index.php?rest_route=\/wp\/v2\/types\/post"}],"author":[{"embeddable":true,"href":"https:\/\/zamanturkmenistan.com.tm\/index.php?rest_route=\/wp\/v2\/users\/2"}],"replies":[{"embeddable":true,"href":"https:\/\/zamanturkmenistan.com.tm\/index.php?rest_route=%2Fwp%2Fv2%2Fcomments&post=73107"}],"version-history":[{"count":1,"href":"https:\/\/zamanturkmenistan.com.tm\/index.php?rest_route=\/wp\/v2\/posts\/73107\/revisions"}],"predecessor-version":[{"id":73109,"href":"https:\/\/zamanturkmenistan.com.tm\/index.php?rest_route=\/wp\/v2\/posts\/73107\/revisions\/73109"}],"wp:featuredmedia":[{"embeddable":true,"href":"https:\/\/zamanturkmenistan.com.tm\/index.php?rest_route=\/wp\/v2\/media\/73108"}],"wp:attachment":[{"href":"https:\/\/zamanturkmenistan.com.tm\/index.php?rest_route=%2Fwp%2Fv2%2Fmedia&parent=73107"}],"wp:term":[{"taxonomy":"category","embeddable":true,"href":"https:\/\/zamanturkmenistan.com.tm\/index.php?rest_route=%2Fwp%2Fv2%2Fcategories&post=73107"},{"taxonomy":"post_tag","embeddable":true,"href":"https:\/\/zamanturkmenistan.com.tm\/index.php?rest_route=%2Fwp%2Fv2%2Ftags&post=73107"}],"curies":[{"name":"wp","href":"https:\/\/api.w.org\/{rel}","templated":true}]}}