{"id":73167,"date":"2023-02-22T15:54:32","date_gmt":"2023-02-22T10:54:32","guid":{"rendered":"https:\/\/zamanturkmenistan.com.tm\/?p=73167"},"modified":"2023-02-22T15:54:32","modified_gmt":"2023-02-22T10:54:32","slug":"manamada-turkmenistanyn-prezidenti-bilen-bahreynin-patysasynyn-arasynda-geplesikler-gecirilyar","status":"publish","type":"post","link":"https:\/\/zamanturkmenistan.com.tm\/?p=73167","title":{"rendered":"Manamada T\u00fcrkmenistany\u0148 Prezidenti bilen Bahre\u00fdni\u0148 Paty\u015fasyny\u0148 arasynda geple\u015fikler ge\u00e7iril\u00fd\u00e4r"},"content":{"rendered":"<p>Bah\u00adre\u00fd\u00adni\u0148 pa\u00fd\u00adtag\u00adty Ma\u00adna\u00adma\u00adda res\u00admi sa\u00adpar bi\u00adlen Pa\u00adty\u00ad\u015fa\u00adlyk\u00adda bol\u00ad\u00fdan T\u00fcrk\u00adme\u00adnis\u00adta\u00adny\u0148 Pre\u00adzi\u00adden\u00adti Ser\u00addar Berdimuhamedow bi\u00adlen Bah\u00adre\u00fd\u00adni\u0148 Pa\u00adty\u00ad\u015fa\u00adsy Ha\u00admad bin Isa Al Ha\u00adli\u00adfa\u00adny\u0148 ara\u00adsyn\u00adda gep\u00adle\u00ad\u015fik\u00adler ba\u015f\u00adlan\u00addy.<\/p>\n<p>Iki\u00ad\u00e7\u00e4k we gi\u00ad\u0148el\u00addi\u00adlen d\u00fc\u00adz\u00fc\u00admin\u00add\u00e4\u00adki du\u00ad\u015fu\u00ad\u015fyk\u00adla\u00adry\u0148 do\u00adwa\u00admyn\u00adda ta\u00adrap\u00adlar s\u00f6w\u00adda-yk\u00addy\u00adsa\u00addy we me\u00adde\u00adni-yn\u00adsan\u00adper\u00adwer ugur\u00adlar\u00adda\u00adky hyz\u00admat\u00adda\u015f\u00adly\u00adgy \u00f6s\u00add\u00fcr\u00admek ba\u00adra\u00adda pi\u00adkir al\u00ad\u015far\u00adlar, \u015fe\u00fd\u00adle hem hal\u00adka\u00adra we se\u00adbit de\u00adre\u00adje\u00adsin\u00adde \u00f6za\u00adra b\u00e4h\u00adbit\u00adli hyz\u00admat\u00adda\u015f\u00adly\u00adgy\u0148 ile\u00adri tu\u00adtul\u00ad\u00fdan ugur\u00adla\u00adry\u00adny kes\u00adgitm\u00adle\u00adm\u00e4\u00adge g\u00f6\u00adn\u00fck\u00addi\u00adri\u00adlen me\u00adse\u00adle\u00adle\u00adri ara alyp mas\u00adla\u00adhat\u00adla\u00ad\u015far\u00adlar.<\/p>\n<p>\u00ddo\u00adka\u00adry de\u00adre\u00adje\u00add\u00e4\u00adki t\u00fcrk\u00admen-bah\u00adre\u00fdn gep\u00adle\u00ad\u015fik\u00adle\u00adri\u00adni\u0148 ne\u00adti\u00adje\u00adle\u00adri bo\u00ad\u00fdun\u00ad\u00e7a iki\u00adta\u00adrap\u00adla\u00ad\u00fdyn res\u00admi\u00adna\u00adma\u00adla\u00adry\u0148 uly top\u00adlu\u00admy\u00adna gol \u00e7e\u00adki\u00adler.<\/p>\n","protected":false},"excerpt":{"rendered":"<p>Bah\u00adre\u00fd\u00adni\u0148 pa\u00fd\u00adtag\u00adty Ma\u00adna\u00adma\u00adda res\u00admi sa\u00adpar bi\u00adlen Pa\u00adty\u00ad\u015fa\u00adlyk\u00adda bol\u00ad\u00fdan T\u00fcrk\u00adme\u00adnis\u00adta\u00adny\u0148 Pre\u00adzi\u00adden\u00adti Ser\u00addar Berdimuhamedow bi\u00adlen Bah\u00adre\u00fd\u00adni\u0148 Pa\u00adty\u00ad\u015fa\u00adsy Ha\u00admad bin Isa Al Ha\u00adli\u00adfa\u00adny\u0148 ara\u00adsyn\u00adda gep\u00adle\u00ad\u015fik\u00adler ba\u015f\u00adlan\u00addy. Iki\u00ad\u00e7\u00e4k we gi\u00ad\u0148el\u00addi\u00adlen d\u00fc\u00adz\u00fc\u00admin\u00add\u00e4\u00adki du\u00ad\u015fu\u00ad\u015fyk\u00adla\u00adry\u0148 do\u00adwa\u00admyn\u00adda ta\u00adrap\u00adlar s\u00f6w\u00adda-yk\u00addy\u00adsa\u00addy we me\u00adde\u00adni-yn\u00adsan\u00adper\u00adwer ugur\u00adlar\u00adda\u00adky hyz\u00admat\u00adda\u015f\u00adly\u00adgy \u00f6s\u00add\u00fcr\u00admek ba\u00adra\u00adda pi\u00adkir al\u00ad\u015far\u00adlar, \u015fe\u00fd\u00adle hem hal\u00adka\u00adra we se\u00adbit de\u00adre\u00adje\u00adsin\u00adde \u00f6za\u00adra b\u00e4h\u00adbit\u00adli hyz\u00admat\u00adda\u015f\u00adly\u00adgy\u0148 ile\u00adri tu\u00adtul\u00ad\u00fdan ugur\u00adla\u00adry\u00adny kes\u00adgitm\u00adle\u00adm\u00e4\u00adge g\u00f6\u00adn\u00fck\u00addi\u00adri\u00adlen me\u00adse\u00adle\u00adle\u00adri ara [&hellip;]<\/p>\n","protected":false},"author":2,"featured_media":73168,"comment_status":"open","ping_status":"closed","sticky":false,"template":"","format":"standard","meta":{"footnotes":""},"categories":[3],"tags":[],"acf":[],"_links":{"self":[{"href":"https:\/\/zamanturkmenistan.com.tm\/index.php?rest_route=\/wp\/v2\/posts\/73167"}],"collection":[{"href":"https:\/\/zamanturkmenistan.com.tm\/index.php?rest_route=\/wp\/v2\/posts"}],"about":[{"href":"https:\/\/zamanturkmenistan.com.tm\/index.php?rest_route=\/wp\/v2\/types\/post"}],"author":[{"embeddable":true,"href":"https:\/\/zamanturkmenistan.com.tm\/index.php?rest_route=\/wp\/v2\/users\/2"}],"replies":[{"embeddable":true,"href":"https:\/\/zamanturkmenistan.com.tm\/index.php?rest_route=%2Fwp%2Fv2%2Fcomments&post=73167"}],"version-history":[{"count":1,"href":"https:\/\/zamanturkmenistan.com.tm\/index.php?rest_route=\/wp\/v2\/posts\/73167\/revisions"}],"predecessor-version":[{"id":73169,"href":"https:\/\/zamanturkmenistan.com.tm\/index.php?rest_route=\/wp\/v2\/posts\/73167\/revisions\/73169"}],"wp:featuredmedia":[{"embeddable":true,"href":"https:\/\/zamanturkmenistan.com.tm\/index.php?rest_route=\/wp\/v2\/media\/73168"}],"wp:attachment":[{"href":"https:\/\/zamanturkmenistan.com.tm\/index.php?rest_route=%2Fwp%2Fv2%2Fmedia&parent=73167"}],"wp:term":[{"taxonomy":"category","embeddable":true,"href":"https:\/\/zamanturkmenistan.com.tm\/index.php?rest_route=%2Fwp%2Fv2%2Fcategories&post=73167"},{"taxonomy":"post_tag","embeddable":true,"href":"https:\/\/zamanturkmenistan.com.tm\/index.php?rest_route=%2Fwp%2Fv2%2Ftags&post=73167"}],"curies":[{"name":"wp","href":"https:\/\/api.w.org\/{rel}","templated":true}]}}