{"id":73180,"date":"2023-02-22T09:24:39","date_gmt":"2023-02-22T04:24:39","guid":{"rendered":"https:\/\/zamanturkmenistan.com.tm\/?p=73180"},"modified":"2023-02-22T16:45:48","modified_gmt":"2023-02-22T11:45:48","slug":"telewizor-bazarynda-ondeligi-saklayar","status":"publish","type":"post","link":"https:\/\/zamanturkmenistan.com.tm\/?p=73180","title":{"rendered":"Telewizor bazarynda \u00f6\u0148deligi sakla\u00fdar"},"content":{"rendered":"<p>D\u00fcr\u00adli elekt\u00adron en\u00adjam\u00adla\u00adry \u00f6n\u00add\u00fcr\u00ad\u00fd\u00e4n \u201cSam\u00adsung\u201d kom\u00adpa\u00adni\u00ad\u00fda\u00adsy 17 \u00fdyl\u00addan b\u00e4\u00adri te\u00adle\u00adwi\u00adzor ba\u00adza\u00adryn\u00adda d\u00fcn\u00ad\u00fd\u00e4\u00adde \u00f6\u0148\u00adde\u00adli\u00adgi sak\u00adlap gel\u00ad\u00fd\u00e4r. 2006-nji \u00fdyl\u00adda te\u00adle\u00adwi\u00adzor sa\u00adtu\u00adwyn\u00adda d\u00fcn\u00ad\u00fd\u00e4\u00adni\u0148 i\u0148 k\u00f6p te\u00adle\u00adwi\u00adzor \u00f6n\u00add\u00fcr\u00ad\u00fd\u00e4n kom\u00adpa\u00adni\u00ad\u00fda\u00adsy bo\u00adlan ko\u00adre\u00fd bren\u00addi \u015fol \u00fdyl\u00addan b\u00e4\u00adri bu ugur\u00adda bi\u00adrin\u00adji\u00adli\u00adgi el\u00adden ber\u00adm\u00e4n gel\u00ad\u00fd\u00e4r.<br \/>\nMar\u00adke\u00adting bar\u00adlag\u00adla\u00adry\u00adny ge\u00ad\u00e7ir\u00ad\u00fd\u00e4n \u201cOm\u00addia\u201d kom\u00adpa\u00adni\u00ad\u00fda\u00adsy\u00adny\u0148 mag\u00adlu\u00admat\u00adla\u00adry\u00adna g\u00f6\u00adr\u00e4, \u201cSam\u00adsung\u201d glo\u00adbal te\u00adle\u00adwi\u00adzor ba\u00adza\u00adryn\u00adda\u00adky gir\u00adde\u00adji\u00adni\u0148 29,7 g\u00f6\u00adte\u00adri\u00admi\u00adni al\u00ad\u00fdar. kom\u00adpa\u00adni\u00ad\u00fda ge\u00ad\u00e7en \u00fdyl 9,65 mil\u00adli\u00adon QLED TV sa\u00adtyp, \u00fdo\u00adka\u00adry hil\u00adli te\u00adle\u00adwi\u00adzor sa\u00adtu\u00adwyn\u00adda bi\u00adrin\u00adji bo\u00adlup\u00addyr. Kom\u00adpa\u00adni\u00ad\u00fda 2017-nji \u00fdyl\u00addan b\u00e4\u00adri 35 mil\u00adli\u00adon\u00addan gow\u00adrak QLED TV sa\u00adtyp\u00addyr.<br \/>\nBa\u00adha\u00adsy 2 m\u00fc\u0148 500 dol\u00adlar\u00addan \u00fdo\u00adka\u00adry bo\u00adlan has \u00fdo\u00adka\u00adry hil\u00adli te\u00adle\u00adwi\u00adzor sa\u00adtu\u00adwyn\u00adda hem kom\u00adpa\u00adni\u00ad\u00fda \u00f6\u0148\u00adde\u00adli\u00adgi e\u00fde\u00adle\u00ad\u00fd\u00e4r. Bu ba\u00adza\u00adry\u0148 46,2 g\u00f6\u00adte\u00adri\u00admi\u00adne e\u00fde bo\u00adlan teh\u00adno\u00adlo\u00adgi\u00ad\u00fda \u00e4gir\u00addi 2019-njy \u00fdyl\u00addan 40 g\u00f6\u00adte\u00adrim\u00adden \u00fdo\u00adka\u00adry de\u00adre\u00adj\u00e4\u00adni sak\u00adlap gel\u00ad\u00fd\u00e4r. \u015ee\u00fd\u00adle hem kom\u00adpa\u00adni\u00ad\u00fda\u00adny\u0148 75 d\u00fdu\u00fdm\u00addan uly te\u00adle\u00adwi\u00adzor ba\u00adza\u00adryn\u00adda hem \u00f6\u0148\u00adde\u00adli\u00adgi e\u00fde\u00adle\u00ad\u00fd\u00e4n\u00addi\u00adgi m\u00e4\u00adlim edil\u00addi.<br \/>\nKom\u00adpa\u00adni\u00ad\u00fda 2009-njy \u00fdyl\u00adda il\u00adkin\u00adji LED te\u00adle\u00adwi\u00adzo\u00adry\u00adny sa\u00adtu\u00adwa \u00e7y\u00adka\u00adryp\u00addy. 2011-nji \u00fdyl\u00adda bol\u00adsa, il\u00adkin\u00adji \u201cakyl\u00adly\u201d te\u00adle\u00adwi\u00adzo\u00adry\u00adny m\u00fc\u015f\u00adde\u00adri\u00adler k\u00f6p\u00ad\u00e7\u00fc\u00adli\u00adgi\u00adne \u00fde\u00adti\u00adrip\u00addi.<\/p>\n<p style=\"text-align: right;\"><strong>Oraz\u00admy\u00adrat Gu\u00adlow, T\u00fcrk\u00admen d\u00f6w\u00adlet ma\u00adli\u00ad\u00fde ins\u00adti\u00adtu\u00adty\u00adny\u0148 ta\u00adly\u00adby.<\/strong><\/p>\n","protected":false},"excerpt":{"rendered":"<p>D\u00fcr\u00adli elekt\u00adron en\u00adjam\u00adla\u00adry \u00f6n\u00add\u00fcr\u00ad\u00fd\u00e4n \u201cSam\u00adsung\u201d kom\u00adpa\u00adni\u00ad\u00fda\u00adsy 17 \u00fdyl\u00addan b\u00e4\u00adri te\u00adle\u00adwi\u00adzor ba\u00adza\u00adryn\u00adda d\u00fcn\u00ad\u00fd\u00e4\u00adde \u00f6\u0148\u00adde\u00adli\u00adgi sak\u00adlap gel\u00ad\u00fd\u00e4r. 2006-nji \u00fdyl\u00adda te\u00adle\u00adwi\u00adzor sa\u00adtu\u00adwyn\u00adda d\u00fcn\u00ad\u00fd\u00e4\u00adni\u0148 i\u0148 k\u00f6p te\u00adle\u00adwi\u00adzor \u00f6n\u00add\u00fcr\u00ad\u00fd\u00e4n kom\u00adpa\u00adni\u00ad\u00fda\u00adsy bo\u00adlan ko\u00adre\u00fd bren\u00addi \u015fol \u00fdyl\u00addan b\u00e4\u00adri bu ugur\u00adda bi\u00adrin\u00adji\u00adli\u00adgi el\u00adden ber\u00adm\u00e4n gel\u00ad\u00fd\u00e4r. Mar\u00adke\u00adting bar\u00adlag\u00adla\u00adry\u00adny ge\u00ad\u00e7ir\u00ad\u00fd\u00e4n \u201cOm\u00addia\u201d kom\u00adpa\u00adni\u00ad\u00fda\u00adsy\u00adny\u0148 mag\u00adlu\u00admat\u00adla\u00adry\u00adna g\u00f6\u00adr\u00e4, \u201cSam\u00adsung\u201d glo\u00adbal te\u00adle\u00adwi\u00adzor ba\u00adza\u00adryn\u00adda\u00adky gir\u00adde\u00adji\u00adni\u0148 29,7 g\u00f6\u00adte\u00adri\u00admi\u00adni al\u00ad\u00fdar. kom\u00adpa\u00adni\u00ad\u00fda ge\u00ad\u00e7en \u00fdyl [&hellip;]<\/p>\n","protected":false},"author":2,"featured_media":73181,"comment_status":"open","ping_status":"closed","sticky":false,"template":"","format":"standard","meta":{"footnotes":""},"categories":[5],"tags":[],"acf":[],"_links":{"self":[{"href":"https:\/\/zamanturkmenistan.com.tm\/index.php?rest_route=\/wp\/v2\/posts\/73180"}],"collection":[{"href":"https:\/\/zamanturkmenistan.com.tm\/index.php?rest_route=\/wp\/v2\/posts"}],"about":[{"href":"https:\/\/zamanturkmenistan.com.tm\/index.php?rest_route=\/wp\/v2\/types\/post"}],"author":[{"embeddable":true,"href":"https:\/\/zamanturkmenistan.com.tm\/index.php?rest_route=\/wp\/v2\/users\/2"}],"replies":[{"embeddable":true,"href":"https:\/\/zamanturkmenistan.com.tm\/index.php?rest_route=%2Fwp%2Fv2%2Fcomments&post=73180"}],"version-history":[{"count":1,"href":"https:\/\/zamanturkmenistan.com.tm\/index.php?rest_route=\/wp\/v2\/posts\/73180\/revisions"}],"predecessor-version":[{"id":73182,"href":"https:\/\/zamanturkmenistan.com.tm\/index.php?rest_route=\/wp\/v2\/posts\/73180\/revisions\/73182"}],"wp:featuredmedia":[{"embeddable":true,"href":"https:\/\/zamanturkmenistan.com.tm\/index.php?rest_route=\/wp\/v2\/media\/73181"}],"wp:attachment":[{"href":"https:\/\/zamanturkmenistan.com.tm\/index.php?rest_route=%2Fwp%2Fv2%2Fmedia&parent=73180"}],"wp:term":[{"taxonomy":"category","embeddable":true,"href":"https:\/\/zamanturkmenistan.com.tm\/index.php?rest_route=%2Fwp%2Fv2%2Fcategories&post=73180"},{"taxonomy":"post_tag","embeddable":true,"href":"https:\/\/zamanturkmenistan.com.tm\/index.php?rest_route=%2Fwp%2Fv2%2Ftags&post=73180"}],"curies":[{"name":"wp","href":"https:\/\/api.w.org\/{rel}","templated":true}]}}