{"id":73183,"date":"2023-02-22T17:11:55","date_gmt":"2023-02-22T12:11:55","guid":{"rendered":"https:\/\/zamanturkmenistan.com.tm\/?p=73183"},"modified":"2023-02-22T17:11:55","modified_gmt":"2023-02-22T12:11:55","slug":"turkmenistanyn-prezidenti-bahreynin-maya-goyum-mumkincilikleri-bilen-tanysdy","status":"publish","type":"post","link":"https:\/\/zamanturkmenistan.com.tm\/?p=73183","title":{"rendered":"T\u00fcrkmenistany\u0148 Prezidenti Bahre\u00fdni\u0148 ma\u00fda go\u00fdum m\u00fcmkin\u00e7ilikleri bilen tany\u015fdy"},"content":{"rendered":"<p><strong><em>\u015eu g\u00fcn, 22-nji fewralda hormatly Prezidentimiz Serdar Berdimuhamedow Bahre\u00fdn Paty\u015falygyna amala a\u015fyr\u00fdan ilkinji resmi saparyny Bahre\u00fdni\u0148 Ykdysady \u00f6s\u00fc\u015f ge\u0148e\u015fini\u0148 ba\u015f dolandyry\u015f binasyna baryp, onu\u0148 alyp bar\u00fdan i\u015fleri bilen tany\u015flykdan ba\u015flady. Bu edara 2000-nji \u00fdylda \u00fdurtda halkara ma\u00fda go\u00fdumlary h\u00f6weslendirmek maksady bilen d\u00f6redildi.<\/em><\/strong><\/p>\n<p>Ykdysady \u00f6s\u00fc\u015f ge\u0148e\u015fini\u0148 ba\u015f dolandyry\u015f binasyny\u0148 \u00f6\u0148\u00fcnde d\u00f6wlet Ba\u015ftutanymyzy Bahre\u00fdn Paty\u015falygyny\u0148 resmi wekilleri hem-de ge\u0148e\u015fi\u0148 be\u00fdleki \u00fdolba\u015f\u00e7ylary gar\u015fyladylar. Bu \u00fderde \u00fd\u00f6ritele\u015fdirilen d\u00fcz\u00fcmi\u0148 alyp bar\u00fdan i\u015fleri bilen tany\u015fdyr\u00fdan wideorolik g\u00f6rkezildi. Degi\u015fli wekiller Bahre\u00fdnde amala a\u015fyryl\u00fdan ma\u00fda go\u00fdum taslamalary, ge\u0148e\u015fi\u0148 i\u015f ugurlary barada g\u00fcrr\u00fc\u0148 berdiler.<\/p>\n<p>\u00dderi gelende bellesek, Bahre\u00fdni\u0148 Ykdysady \u00f6s\u00fc\u015f ge\u0148e\u015fi \u00fdurda ma\u00fdadarlary \u00e7ekm\u00e4ge jogapk\u00e4r\u00e7iligi \u00f6z \u00fcst\u00fcne al\u00fdan ma\u00fda go\u00fdumlary h\u00f6weslendirmek bo\u00fdun\u00e7a agentlik bolup, ol i\u015few\u00fcrlik gur\u015fawyny gowulandyrmaga g\u00f6n\u00fckdirilen ba\u015flangy\u00e7lary golda\u00fdar. Ge\u0148e\u015f H\u00f6k\u00fcmet hem-de geljegi uly ma\u00fdadarlar bilen i\u015fle\u015fip, ma\u00fda go\u00fdum \u00fdagda\u00fdyny\u0148 \u00f6z\u00fcne \u00e7ekijiligini gazanmak ugrunda tagalla ed\u00fd\u00e4r. Esasy artykma\u00e7lyklary, ma\u00fda go\u00fdumlary\u0148 hasabyna ykdysady\u00fdeti mundan be\u00fdl\u00e4k-de \u00f6sd\u00fcrmek \u00fc\u00e7in bar bolan m\u00fcmkin\u00e7ilikleri \u00f6wrenmek we habar bermek onu\u0148 i\u015fini\u0148 \u00f6zenini d\u00fcz\u00fd\u00e4r. \u015eunda, esasan, mali\u00fde hyzmatlary, \u00f6n\u00fcm\u00e7ilik, IT tehnologi\u00fdalar, sy\u00fdahat\u00e7ylyk, logistika, ulag \u00fdaly ulgamlara a\u00fdratyn \u00e4hmi\u00fdet beril\u00fd\u00e4r.<\/p>\n<p>Bu barada \u00abT\u00fcrkmenistan\u00bb gazetini\u0148 elektron nusgasynda habar beril\u00fd\u00e4r.<\/p>\n","protected":false},"excerpt":{"rendered":"<p>\u015eu g\u00fcn, 22-nji fewralda hormatly Prezidentimiz Serdar Berdimuhamedow Bahre\u00fdn Paty\u015falygyna amala a\u015fyr\u00fdan ilkinji resmi saparyny Bahre\u00fdni\u0148 Ykdysady \u00f6s\u00fc\u015f ge\u0148e\u015fini\u0148 ba\u015f dolandyry\u015f binasyna baryp, onu\u0148 alyp bar\u00fdan i\u015fleri bilen tany\u015flykdan ba\u015flady. Bu edara 2000-nji \u00fdylda \u00fdurtda halkara ma\u00fda go\u00fdumlary h\u00f6weslendirmek maksady bilen d\u00f6redildi. Ykdysady \u00f6s\u00fc\u015f ge\u0148e\u015fini\u0148 ba\u015f dolandyry\u015f binasyny\u0148 \u00f6\u0148\u00fcnde d\u00f6wlet Ba\u015ftutanymyzy Bahre\u00fdn Paty\u015falygyny\u0148 resmi wekilleri [&hellip;]<\/p>\n","protected":false},"author":2,"featured_media":73184,"comment_status":"open","ping_status":"closed","sticky":false,"template":"","format":"standard","meta":{"footnotes":""},"categories":[3],"tags":[],"acf":[],"_links":{"self":[{"href":"https:\/\/zamanturkmenistan.com.tm\/index.php?rest_route=\/wp\/v2\/posts\/73183"}],"collection":[{"href":"https:\/\/zamanturkmenistan.com.tm\/index.php?rest_route=\/wp\/v2\/posts"}],"about":[{"href":"https:\/\/zamanturkmenistan.com.tm\/index.php?rest_route=\/wp\/v2\/types\/post"}],"author":[{"embeddable":true,"href":"https:\/\/zamanturkmenistan.com.tm\/index.php?rest_route=\/wp\/v2\/users\/2"}],"replies":[{"embeddable":true,"href":"https:\/\/zamanturkmenistan.com.tm\/index.php?rest_route=%2Fwp%2Fv2%2Fcomments&post=73183"}],"version-history":[{"count":1,"href":"https:\/\/zamanturkmenistan.com.tm\/index.php?rest_route=\/wp\/v2\/posts\/73183\/revisions"}],"predecessor-version":[{"id":73185,"href":"https:\/\/zamanturkmenistan.com.tm\/index.php?rest_route=\/wp\/v2\/posts\/73183\/revisions\/73185"}],"wp:featuredmedia":[{"embeddable":true,"href":"https:\/\/zamanturkmenistan.com.tm\/index.php?rest_route=\/wp\/v2\/media\/73184"}],"wp:attachment":[{"href":"https:\/\/zamanturkmenistan.com.tm\/index.php?rest_route=%2Fwp%2Fv2%2Fmedia&parent=73183"}],"wp:term":[{"taxonomy":"category","embeddable":true,"href":"https:\/\/zamanturkmenistan.com.tm\/index.php?rest_route=%2Fwp%2Fv2%2Fcategories&post=73183"},{"taxonomy":"post_tag","embeddable":true,"href":"https:\/\/zamanturkmenistan.com.tm\/index.php?rest_route=%2Fwp%2Fv2%2Ftags&post=73183"}],"curies":[{"name":"wp","href":"https:\/\/api.w.org\/{rel}","templated":true}]}}