{"id":73192,"date":"2023-02-22T17:20:02","date_gmt":"2023-02-22T12:20:02","guid":{"rendered":"https:\/\/zamanturkmenistan.com.tm\/?p=73192"},"modified":"2023-02-22T17:20:02","modified_gmt":"2023-02-22T12:20:02","slug":"turkmenistanyn-prezidenti-bahreynin-patysasy-bilen-geplesikleri-gecirdi","status":"publish","type":"post","link":"https:\/\/zamanturkmenistan.com.tm\/?p=73192","title":{"rendered":"T\u00fcrkmenistany\u0148 Prezidenti Bahre\u00fdni\u0148 Paty\u015fasy bilen geple\u015fikleri ge\u00e7irdi"},"content":{"rendered":"<p class=\"text\"><b><i>\u015eu g\u00fcn hormatly Prezidentimiz Serdar Berdimuhamedowy\u0148 Bahre\u00fdn Paty\u015falygyna ilkinji resmi saparyny\u0148 \u00e7\u00e4klerinde iki\u00e7\u00e4k hem-de gi\u0148eldilen d\u00fcz\u00fcmde \u00fdokary derejeli t\u00fcrkmen-bahre\u00fdn geple\u015fikleri ge\u00e7irildi.<\/i><\/b><\/p>\n<p class=\"text\">Bahre\u00fdni\u0148 Paty\u015fasyny\u0148 \u00abAl Guda\u00fdbi\u00fd\u00fda\u00bb k\u00f6\u015fg\u00fcni\u0148 \u00f6\u0148\u00fcnd\u00e4ki me\u00fddan\u00e7ada belent mertebeli t\u00fcrkmen myhmanyny resmi gar\u015fylamak dabarasyndan so\u0148ra, Hormatly Prezidentimiz Serdar Berdimuhamedowy\u0148 we Bahre\u00fdni\u0148 Paty\u015fasy \u015ee\u00fdh Hamad bin Isa Al Halifany\u0148 arasynda iki\u00e7\u00e4k geple\u015fikler ge\u00e7irildi. Onda t\u00fcrkmen-bahre\u00fdn gatna\u015fyklaryny\u0148 esasy ugurlary kesgitlenip, taraplary\u0148 ikitarapla\u00fdyn hyzmatda\u015flygy \u00e4hli ugurlarda i\u015fje\u0148le\u015fdirm\u00e4ge \u00e7aly\u015f\u00fdandyklary tassyklanyldy. Iki \u00fdurdu\u0148 Liderleri s\u00f6wda-ykdysady, medeni-ynsanperwer ulgamdaky hyzmatda\u015flygy ilerletmegi\u0148 m\u00fcmkin\u00e7ilikleri barada pikir aly\u015fdylar.<\/p>\n<p class=\"text\">Iki \u00fdurdu\u0148 wekili\u00fdet agzalaryny\u0148 gatna\u015fmagynda gi\u0148eldilen d\u00fcz\u00fcmde ge\u00e7irilen geple\u015fikleri\u0148 dowamynda t\u00fcrkmen-bahre\u00fdn gatna\u015fyklaryny mundan be\u00fdl\u00e4k-de \u00f6sd\u00fcrmek bilen bagly meseleleri\u0148 gi\u0148 toplumy ara alnyp maslahatla\u015fyldy. D\u00f6wlet Ba\u015ftutanymyz we Bahre\u00fdni\u0148 Paty\u015fasy ikitarapla\u00fdyn hyzmatda\u015flygy\u0148 h\u00e4zirki \u00fdagda\u00fdydyr geljekki m\u00fcmkin\u00e7ilikleri, \u00f6zara gyzyklanma bildiril\u00fd\u00e4n sebit hem-de halkara g\u00fcn tertibini\u0148 m\u00f6h\u00fcm meseleleri babatda gara\u00fdy\u015flaryny be\u00fdan etdiler. Merkezi Azi\u00fda we \u00ddakyn G\u00fcndogar sebitinde durnuklylygy, howpsuzlygy berkitmek, sy\u00fdasy-diplomatik ulgamda ysny\u015fykly hereket etmek, iki \u00fdurdu\u0148 tebigy hem-de geografik artykma\u00e7lyklaryny nazara alyp, s\u00f6wda-ykdysady, \u00fdangy\u00e7-energetika, ma\u00fda go\u00fdum, ulag-logistika ugurly hyzmatda\u015flygy i\u015fje\u0148le\u015fdirmek, medeni-ynsanperwer ulgamda \u00fdola go\u00fdlan hyzmatda\u015flygy \u00e7u\u0148la\u015fdyrmak bilen bagly meseleler t\u00fcrkmen-bahre\u00fdn geple\u015fiklerini\u0148 esasyny d\u00fczdi.<\/p>\n<p>Bu barada \u00abT\u00fcrkmenistan\u00bb gazetini\u0148 elektron nusgasynda habar beril\u00fd\u00e4r.<\/p>\n","protected":false},"excerpt":{"rendered":"<p>\u015eu g\u00fcn hormatly Prezidentimiz Serdar Berdimuhamedowy\u0148 Bahre\u00fdn Paty\u015falygyna ilkinji resmi saparyny\u0148 \u00e7\u00e4klerinde iki\u00e7\u00e4k hem-de gi\u0148eldilen d\u00fcz\u00fcmde \u00fdokary derejeli t\u00fcrkmen-bahre\u00fdn geple\u015fikleri ge\u00e7irildi. Bahre\u00fdni\u0148 Paty\u015fasyny\u0148 \u00abAl Guda\u00fdbi\u00fd\u00fda\u00bb k\u00f6\u015fg\u00fcni\u0148 \u00f6\u0148\u00fcnd\u00e4ki me\u00fddan\u00e7ada belent mertebeli t\u00fcrkmen myhmanyny resmi gar\u015fylamak dabarasyndan so\u0148ra, Hormatly Prezidentimiz Serdar Berdimuhamedowy\u0148 we Bahre\u00fdni\u0148 Paty\u015fasy \u015ee\u00fdh Hamad bin Isa Al Halifany\u0148 arasynda iki\u00e7\u00e4k geple\u015fikler ge\u00e7irildi. Onda t\u00fcrkmen-bahre\u00fdn [&hellip;]<\/p>\n","protected":false},"author":2,"featured_media":73193,"comment_status":"open","ping_status":"closed","sticky":false,"template":"","format":"standard","meta":{"footnotes":""},"categories":[3],"tags":[],"acf":[],"_links":{"self":[{"href":"https:\/\/zamanturkmenistan.com.tm\/index.php?rest_route=\/wp\/v2\/posts\/73192"}],"collection":[{"href":"https:\/\/zamanturkmenistan.com.tm\/index.php?rest_route=\/wp\/v2\/posts"}],"about":[{"href":"https:\/\/zamanturkmenistan.com.tm\/index.php?rest_route=\/wp\/v2\/types\/post"}],"author":[{"embeddable":true,"href":"https:\/\/zamanturkmenistan.com.tm\/index.php?rest_route=\/wp\/v2\/users\/2"}],"replies":[{"embeddable":true,"href":"https:\/\/zamanturkmenistan.com.tm\/index.php?rest_route=%2Fwp%2Fv2%2Fcomments&post=73192"}],"version-history":[{"count":1,"href":"https:\/\/zamanturkmenistan.com.tm\/index.php?rest_route=\/wp\/v2\/posts\/73192\/revisions"}],"predecessor-version":[{"id":73194,"href":"https:\/\/zamanturkmenistan.com.tm\/index.php?rest_route=\/wp\/v2\/posts\/73192\/revisions\/73194"}],"wp:featuredmedia":[{"embeddable":true,"href":"https:\/\/zamanturkmenistan.com.tm\/index.php?rest_route=\/wp\/v2\/media\/73193"}],"wp:attachment":[{"href":"https:\/\/zamanturkmenistan.com.tm\/index.php?rest_route=%2Fwp%2Fv2%2Fmedia&parent=73192"}],"wp:term":[{"taxonomy":"category","embeddable":true,"href":"https:\/\/zamanturkmenistan.com.tm\/index.php?rest_route=%2Fwp%2Fv2%2Fcategories&post=73192"},{"taxonomy":"post_tag","embeddable":true,"href":"https:\/\/zamanturkmenistan.com.tm\/index.php?rest_route=%2Fwp%2Fv2%2Ftags&post=73192"}],"curies":[{"name":"wp","href":"https:\/\/api.w.org\/{rel}","templated":true}]}}