{"id":73207,"date":"2023-02-22T18:56:25","date_gmt":"2023-02-22T13:56:25","guid":{"rendered":"https:\/\/zamanturkmenistan.com.tm\/?p=73207"},"modified":"2023-02-23T09:30:22","modified_gmt":"2023-02-23T04:30:22","slug":"galkynys-topary-monakoda-cykys-eder","status":"publish","type":"post","link":"https:\/\/zamanturkmenistan.com.tm\/?p=73207","title":{"rendered":"\u00abGalkyny\u015f\u00bb topary Monakoda \u00e7yky\u015f eder"},"content":{"rendered":"<p>\u00abGal\u00adky\u00adny\u015f\u00bb mil\u00adli at \u00fcs\u00adt\u00fcn\u00add\u00e4\u00adki o\u00fdun\u00adlar to\u00adpa\u00adry Mo\u00adna\u00adko\u00adda ge\u00ad\u00e7i\u00adril\u00adjek 47-nji hal\u00adka\u00adra sirk fes\u00adti\u00adwa\u00adlyn\u00adda \u00e7y\u00adky\u015f eder. Bu \u00e7\u00e4\u00adre 2025-nji \u00fdy\u00adly\u0148 \u00fdan\u00adwar a\u00fdyn\u00adda Mon\u00adte Kar\u00adlo \u015f\u00e4\u00adhe\u00adrin\u00adde ge\u00ad\u00e7i\u00adri\u00adler. Bu ba\u00adra\u00adda \u00abMir 24\u00bb te\u00adle\u00ad\u00fda\u00fd\u00adly\u00admy ha\u00adbar ber\u00ad\u00fd\u00e4r.<br \/>\nTo\u00adpar her t\u00e4\u00adze \u00e7y\u00adky\u00ad\u015fy\u0148 ta\u00fd\u00ad\u00fdar\u00adly\u00adgy\u00adny\u0148 \u00fcs\u00adt\u00fcn\u00adde bir a\u00fd\u00addan gow\u00adrak wagt\u00adlap i\u015f\u00adle\u00ad\u00fd\u00e4r\u00adler. Hat\u00adda i\u0148 tej\u00adri\u00adbe\u00adli \u00e7a\u00adpyk\u00adsu\u00adwar\u00adlar hem t\u00fcr\u00adgen\u00adle\u00ad\u015fik ma\u00adha\u00adly \u00e7yl\u00ad\u015fy\u00adrym\u00adly he\u00adre\u00adket\u00adle\u00adri \u00e4ti\u00ad\u00fda\u00e7\u00adly\u00adlyk \u00e7\u00e4\u00adre\u00adle\u00adri\u00adni ber\u00adja\u00fd et\u00admek bi\u00adlen \u00fde\u00adri\u00adne \u00fde\u00adtir\u00ad\u00fd\u00e4r\u00adler.<br \/>\nD\u00fcr\u00adli \u00fda\u015f\u00adda\u00adky ag\u00adza\u00adla\u00adry bo\u00adlan to\u00adpa\u00adry\u0148 k\u00f6p san\u00adly hal\u00adka\u00adra ba\u00fd\u00adrak\u00adla\u00adra e\u00fde\u00addi\u00adgi bel\u00adl\u00e4r\u00adlik\u00adli\u00addir. T\u00fcrk\u00admen at\u00adly\u00adla\u00adry Mon\u00adte Kar\u00adlo\u00adda\u00adky hal\u00adka\u00adra sirk fes\u00adti\u00adwa\u00adly \u00fc\u00e7in t\u00e4\u00adze \u00fd\u00f6\u00adri\u00adte mak\u00adsat\u00adna\u00adma ta\u00fd\u00ad\u00fdar\u00adla\u00ad\u00fdar\u00adlar. Bu \u00e7\u00e4\u00adre her \u00fdyl d\u00fcn\u00ad\u00fd\u00e4\u00adni\u0148 i\u0148 go\u00adwy sirk us\u00adsat\u00adla\u00adry\u00adny bir \u00fde\u00adre jem\u00adle\u00ad\u00fd\u00e4r.<\/p>\n","protected":false},"excerpt":{"rendered":"<p>\u00abGal\u00adky\u00adny\u015f\u00bb mil\u00adli at \u00fcs\u00adt\u00fcn\u00add\u00e4\u00adki o\u00fdun\u00adlar to\u00adpa\u00adry Mo\u00adna\u00adko\u00adda ge\u00ad\u00e7i\u00adril\u00adjek 47-nji hal\u00adka\u00adra sirk fes\u00adti\u00adwa\u00adlyn\u00adda \u00e7y\u00adky\u015f eder. Bu \u00e7\u00e4\u00adre 2025-nji \u00fdy\u00adly\u0148 \u00fdan\u00adwar a\u00fdyn\u00adda Mon\u00adte Kar\u00adlo \u015f\u00e4\u00adhe\u00adrin\u00adde ge\u00ad\u00e7i\u00adri\u00adler. Bu ba\u00adra\u00adda \u00abMir 24\u00bb te\u00adle\u00ad\u00fda\u00fd\u00adly\u00admy ha\u00adbar ber\u00ad\u00fd\u00e4r. To\u00adpar her t\u00e4\u00adze \u00e7y\u00adky\u00ad\u015fy\u0148 ta\u00fd\u00ad\u00fdar\u00adly\u00adgy\u00adny\u0148 \u00fcs\u00adt\u00fcn\u00adde bir a\u00fd\u00addan gow\u00adrak wagt\u00adlap i\u015f\u00adle\u00ad\u00fd\u00e4r\u00adler. Hat\u00adda i\u0148 tej\u00adri\u00adbe\u00adli \u00e7a\u00adpyk\u00adsu\u00adwar\u00adlar hem t\u00fcr\u00adgen\u00adle\u00ad\u015fik ma\u00adha\u00adly \u00e7yl\u00ad\u015fy\u00adrym\u00adly he\u00adre\u00adket\u00adle\u00adri \u00e4ti\u00ad\u00fda\u00e7\u00adly\u00adlyk \u00e7\u00e4\u00adre\u00adle\u00adri\u00adni ber\u00adja\u00fd et\u00admek [&hellip;]<\/p>\n","protected":false},"author":2,"featured_media":73208,"comment_status":"open","ping_status":"closed","sticky":false,"template":"","format":"standard","meta":{"footnotes":""},"categories":[3],"tags":[],"acf":[],"_links":{"self":[{"href":"https:\/\/zamanturkmenistan.com.tm\/index.php?rest_route=\/wp\/v2\/posts\/73207"}],"collection":[{"href":"https:\/\/zamanturkmenistan.com.tm\/index.php?rest_route=\/wp\/v2\/posts"}],"about":[{"href":"https:\/\/zamanturkmenistan.com.tm\/index.php?rest_route=\/wp\/v2\/types\/post"}],"author":[{"embeddable":true,"href":"https:\/\/zamanturkmenistan.com.tm\/index.php?rest_route=\/wp\/v2\/users\/2"}],"replies":[{"embeddable":true,"href":"https:\/\/zamanturkmenistan.com.tm\/index.php?rest_route=%2Fwp%2Fv2%2Fcomments&post=73207"}],"version-history":[{"count":2,"href":"https:\/\/zamanturkmenistan.com.tm\/index.php?rest_route=\/wp\/v2\/posts\/73207\/revisions"}],"predecessor-version":[{"id":73219,"href":"https:\/\/zamanturkmenistan.com.tm\/index.php?rest_route=\/wp\/v2\/posts\/73207\/revisions\/73219"}],"wp:featuredmedia":[{"embeddable":true,"href":"https:\/\/zamanturkmenistan.com.tm\/index.php?rest_route=\/wp\/v2\/media\/73208"}],"wp:attachment":[{"href":"https:\/\/zamanturkmenistan.com.tm\/index.php?rest_route=%2Fwp%2Fv2%2Fmedia&parent=73207"}],"wp:term":[{"taxonomy":"category","embeddable":true,"href":"https:\/\/zamanturkmenistan.com.tm\/index.php?rest_route=%2Fwp%2Fv2%2Fcategories&post=73207"},{"taxonomy":"post_tag","embeddable":true,"href":"https:\/\/zamanturkmenistan.com.tm\/index.php?rest_route=%2Fwp%2Fv2%2Ftags&post=73207"}],"curies":[{"name":"wp","href":"https:\/\/api.w.org\/{rel}","templated":true}]}}