{"id":73210,"date":"2023-02-22T09:26:31","date_gmt":"2023-02-22T04:26:31","guid":{"rendered":"https:\/\/zamanturkmenistan.com.tm\/?p=73210"},"modified":"2023-02-22T19:31:25","modified_gmt":"2023-02-22T14:31:25","slug":"portugaliyada-suwusti-beketlerin-sany-artyar","status":"publish","type":"post","link":"https:\/\/zamanturkmenistan.com.tm\/?p=73210","title":{"rendered":"Portugali\u00fdada suw\u00fcsti beketleri\u0148 sany art\u00fdar"},"content":{"rendered":"<p>\u00ddew\u00adro\u00adpa\u00adny\u0148 g\u00fcn\u00adba\u00adta\u00adryn\u00adda \u00fder\u00adle\u015f\u00ad\u00fd\u00e4n Por\u00adtu\u00adga\u00adli\u00ad\u00fda gid\u00adroe\u00adlekt\u00adrik, G\u00fcn we \u00fdel \u00fda\u00adly ener\u00adgi\u00ad\u00fda\u00adny\u0148 aras\u00adsa \u00e7e\u015f\u00adme\u00adle\u00adri\u00adni al\u00adma\u00adga uly m\u00fcm\u00adkin\u00ad\u00e7i\u00adlik bar. \u015ee\u00fd\u00adle bo\u00adlan\u00adso\u0148, \u00fdurt\u00adda bu pu\u00adda\u00adga ma\u00ad\u00fda go\u00ad\u00fdum go\u00fd\u00ad\u00fdan\u00adla\u00adry\u0148 sa\u00adny hem az d\u00e4l. \u201cIberB\u00adlue Wind\u201d kom\u00adpa\u00adni\u00ad\u00fda\u00adsy \u201cBo\u00adta\u00adfo\u00adgo\u201d de\u00ad\u0148iz \u00fdel fer\u00adma\u00adsy\u00adny \u00f6s\u00add\u00fcr\u00admek ba\u00adbat\u00adda\u00adky me\u00ad\u00fdil\u00adna\u00adma\u00adsy\u00adny m\u00e4\u00adlim et\u00addi. Ke\u00adnar\u00addan uzak\u00adda\u00adky \u00fdel be\u00adke\u00addi 359 ine\u00add\u00f6r\u00add\u00fcl ki\u00adlo\u00admetr me\u00fd\u00adda\u00adny e\u00fde\u00adl\u00e4p, bu \u00fder\u00adde her\u00adsi\u00adni\u0148 kuw\u00adwa\u00adty 18MW bo\u00adlan 55 \u00fdel tur\u00adbi\u00adna\u00adsy bo\u00adlar. \u015eun\u00adluk\u00adda bu be\u00adket\u00adler\u00adde \u00f6n\u00add\u00fc\u00adril\u00adjek elekt\u00adrik ener\u00adgi\u00ad\u00fda\u00adsy m\u00fc\u0148\u00adler\u00ad\u00e7e \u00f6\u00fdi aras\u00adsa ener\u00adgi\u00ad\u00fda bi\u00adlen \u00fcp\u00adj\u00fcn eder. Fi\u00adge\u00fd\u00adra-da-Fo\u015f port \u015f\u00e4\u00adhe\u00adri\u00adni\u0148 ke\u00adna\u00adryn\u00addan 30-50 km uzak\u00adlyk\u00adda \u00fder\u00adle\u015f\u00adjek tas\u00adla\u00adma\u00adny dur\u00admu\u00ad\u015fa ge\u00ad\u00e7ir\u00adjek \u201cIberB\u00adlue Wind\u201d kom\u00adpa\u00adni\u00ad\u00fda\u00adsy Ir\u00adlan\u00addi\u00ad\u00fda\u00adny\u0148 \u201cSimp\u00adly Blue Group\u201d hem-de Is\u00adpa\u00adni\u00ad\u00fda\u00adny\u0148 \u201cProes Con\u00adsul\u00adto\u00adres\u201d we \u201cFF New Ener\u00adgy Ven\u00adtu\u00adres\u201d \u015fe\u00adre\u00adket\u00adle\u00adri ta\u00adra\u00adpyn\u00addan d\u00f6\u00adre\u00addi\u00adlip\u00addir. Kom\u00adpa\u00adni\u00ad\u00fda \u00fda\u00adkyn gel\u00adjek\u00adde umu\u00admy \u00f6n\u00fcm\u00ad\u00e7i\u00adlik kuw\u00adwa\u00adty 2GW bo\u00adlan \u00fdel be\u00adket\u00adle\u00adri\u00adni gur\u00adma\u00adgy me\u00ad\u00fdil\u00adle\u015f\u00addir\u00ad\u00fd\u00e4r. \u00ddel be\u00adket\u00adle\u00adrin\u00adden \u00f6n\u00add\u00fc\u00adri\u00adlen elekt\u00adrik ener\u00adgi\u00ad\u00fda\u00adsy\u00adny ge\u00ad\u00e7ir\u00admek \u00fc\u00e7in Fi\u00adge\u00fd\u00adra-da-Fo\u015f \u015f\u00e4\u00adhe\u00adrin\u00adde inf\u00adrast\u00adruk\u00adtu\u00adra d\u00f6\u00adre\u00addi\u00adler. At\u00adlan\u00adtik um\u00adma\u00adny\u00adny\u0148 ke\u00adna\u00adryn\u00adda\u00adky \u015f\u00e4\u00adher\u00adde \u00fdel g\u00fc\u00fd\u00e7\u00adli bo\u00adlup, \u00fdur\u00addu\u0148 mer\u00adke\u00adzi\u00adne \u00fda\u00adkyn bol\u00adma\u00adgy tas\u00adla\u00adma\u00adny\u0148 \u00e4h\u00admi\u00ad\u00fde\u00adti\u00adni art\u00addyr\u00ad\u00fdar. Bu \u00fder\u00adde se\u00adna\u00adgat we hu\u00adsu\u00adsy sarp edi\u00adji\u00adle\u00adri\u0148 sa\u00adny az d\u00e4l. \u015ee\u00fd\u00adle hem t\u00e4\u00adze tas\u00adla\u00adma m\u00fc\u0148\u00adler\u00ad\u00e7e i\u015f or\u00adnu\u00adny\u0148 d\u00f6\u00adre\u00adder.<\/p>\n<p style=\"text-align: right;\"><strong>Mu\u00adham\u00adme\u00adda\u00adly\u00adse\u00adid Gur\u00adban\u00adm\u00e4m\u00adme\u00addow, T\u00fcrk\u00adme\u00adnis\u00adta\u00adny\u0148 D\u00f6w\u00adlet ener\u00adge\u00adti\u00adka ins\u00adti\u00adtu\u00adty\u00adny\u0148 Ga\u00fd\u00adta\u00addan di\u00adkel\u00addil\u00ad\u00fd\u00e4n ener\u00adgi\u00ad\u00fda \u00e7e\u015f\u00adme\u00adle\u00adri yl\u00admy-\u00f6n\u00fcm\u00ad\u00e7i\u00adlik mer\u00adke\u00adzi\u00adni\u0148 \u00ddel elekt\u00adrik stan\u00adsi\u00ad\u00fda b\u00f6\u00adl\u00fc\u00admi\u00adni\u0148 teh\u00adni\u00adgi.<\/strong><\/p>\n","protected":false},"excerpt":{"rendered":"<p>\u00ddew\u00adro\u00adpa\u00adny\u0148 g\u00fcn\u00adba\u00adta\u00adryn\u00adda \u00fder\u00adle\u015f\u00ad\u00fd\u00e4n Por\u00adtu\u00adga\u00adli\u00ad\u00fda gid\u00adroe\u00adlekt\u00adrik, G\u00fcn we \u00fdel \u00fda\u00adly ener\u00adgi\u00ad\u00fda\u00adny\u0148 aras\u00adsa \u00e7e\u015f\u00adme\u00adle\u00adri\u00adni al\u00adma\u00adga uly m\u00fcm\u00adkin\u00ad\u00e7i\u00adlik bar. \u015ee\u00fd\u00adle bo\u00adlan\u00adso\u0148, \u00fdurt\u00adda bu pu\u00adda\u00adga ma\u00ad\u00fda go\u00ad\u00fdum go\u00fd\u00ad\u00fdan\u00adla\u00adry\u0148 sa\u00adny hem az d\u00e4l. \u201cIberB\u00adlue Wind\u201d kom\u00adpa\u00adni\u00ad\u00fda\u00adsy \u201cBo\u00adta\u00adfo\u00adgo\u201d de\u00ad\u0148iz \u00fdel fer\u00adma\u00adsy\u00adny \u00f6s\u00add\u00fcr\u00admek ba\u00adbat\u00adda\u00adky me\u00ad\u00fdil\u00adna\u00adma\u00adsy\u00adny m\u00e4\u00adlim et\u00addi. Ke\u00adnar\u00addan uzak\u00adda\u00adky \u00fdel be\u00adke\u00addi 359 ine\u00add\u00f6r\u00add\u00fcl ki\u00adlo\u00admetr me\u00fd\u00adda\u00adny e\u00fde\u00adl\u00e4p, bu \u00fder\u00adde her\u00adsi\u00adni\u0148 kuw\u00adwa\u00adty 18MW bo\u00adlan [&hellip;]<\/p>\n","protected":false},"author":2,"featured_media":73211,"comment_status":"open","ping_status":"closed","sticky":false,"template":"","format":"standard","meta":{"footnotes":""},"categories":[5],"tags":[],"acf":[],"_links":{"self":[{"href":"https:\/\/zamanturkmenistan.com.tm\/index.php?rest_route=\/wp\/v2\/posts\/73210"}],"collection":[{"href":"https:\/\/zamanturkmenistan.com.tm\/index.php?rest_route=\/wp\/v2\/posts"}],"about":[{"href":"https:\/\/zamanturkmenistan.com.tm\/index.php?rest_route=\/wp\/v2\/types\/post"}],"author":[{"embeddable":true,"href":"https:\/\/zamanturkmenistan.com.tm\/index.php?rest_route=\/wp\/v2\/users\/2"}],"replies":[{"embeddable":true,"href":"https:\/\/zamanturkmenistan.com.tm\/index.php?rest_route=%2Fwp%2Fv2%2Fcomments&post=73210"}],"version-history":[{"count":1,"href":"https:\/\/zamanturkmenistan.com.tm\/index.php?rest_route=\/wp\/v2\/posts\/73210\/revisions"}],"predecessor-version":[{"id":73212,"href":"https:\/\/zamanturkmenistan.com.tm\/index.php?rest_route=\/wp\/v2\/posts\/73210\/revisions\/73212"}],"wp:featuredmedia":[{"embeddable":true,"href":"https:\/\/zamanturkmenistan.com.tm\/index.php?rest_route=\/wp\/v2\/media\/73211"}],"wp:attachment":[{"href":"https:\/\/zamanturkmenistan.com.tm\/index.php?rest_route=%2Fwp%2Fv2%2Fmedia&parent=73210"}],"wp:term":[{"taxonomy":"category","embeddable":true,"href":"https:\/\/zamanturkmenistan.com.tm\/index.php?rest_route=%2Fwp%2Fv2%2Fcategories&post=73210"},{"taxonomy":"post_tag","embeddable":true,"href":"https:\/\/zamanturkmenistan.com.tm\/index.php?rest_route=%2Fwp%2Fv2%2Ftags&post=73210"}],"curies":[{"name":"wp","href":"https:\/\/api.w.org\/{rel}","templated":true}]}}