{"id":73300,"date":"2023-02-24T10:47:46","date_gmt":"2023-02-24T05:47:46","guid":{"rendered":"https:\/\/zamanturkmenistan.com.tm\/?p=73300"},"modified":"2023-02-24T10:47:46","modified_gmt":"2023-02-24T05:47:46","slug":"denze-cykalgasy-bolmadyk-yurtlarda-howanyn-uytgemegini-azaltmaga-bagyslanan-halkara-care-gecirildi","status":"publish","type":"post","link":"https:\/\/zamanturkmenistan.com.tm\/?p=73300","title":{"rendered":"De\u0148ze \u00e7ykalgasy bolmadyk \u00fdurtlarda howany\u0148 \u00fc\u00fdtgemegini azaltmaga bagy\u015flanan halkara \u00e7\u00e4re ge\u00e7irildi"},"content":{"rendered":"<p>2-nji fewralda Birle\u015fen Milletler Guramasyny\u0148 \u00ddewropa Ykdysady Komissi\u00fdasyny\u0148 I\u00e7erki ulag komitetini\u0148 85-nji mejlisini\u0148 \u00e7\u00e4klerinde, T\u00fcrkmenistany\u0148 BMG-ni\u0148 \u017denewadaky edarasyny\u0148 hemi\u015felik wekilhanasyny\u0148, BMG-ni\u0148 \u00ddewropa ykdysady komissi\u00fdasy bilen bilelikd\u00e4ki ba\u015flangyjy bilen \u00abDe\u0148ize \u00e7ykalgasy bolmadyk \u00f6s\u00fcp gel\u00fd\u00e4n \u00fdurtlary\u0148 howany\u0148 durnukly \u00fc\u00fdtgemegine, uglerod zy\u0148yndylary pes bolan ulag d\u00fcz\u00fcmlerine ge\u00e7i\u015fini\u0148 el\u00fdeterli bolmagyny hem-de m\u00fcmkin\u00e7iliklerini \u00fdokarlandyrmak\u00bb mowzugyna bagy\u015flanyp bilelikde \u00e7\u00e4re ge\u00e7irildi.<\/p>\n<p>\u00c7\u00e4r\u00e4ni\u0148 ba\u015fynda BMG-ni\u0148 \u00ddewropa Ykdysady Komissi\u00fdasyny\u0148 \u00dderine \u00fdetiriji sekretary hanym O.Alga\u00fderowa we T\u00fcrkmenistany\u0148 BMG-ni\u0148 \u017denewadaky wekilhanasyndaky hemi\u015felik wekili il\u00e7i A.Haljanow a\u00e7yly\u015fda \u00e7yky\u015f etdi.<\/p>\n<p>Mundan ba\u015fga-da, be\u00fdleki \u00a0myhmanlar hususan-da, Yrak Respublikasyny\u0148 Ulag ministri jenap Razzak Oja\u00fdmi, Halkara awtomobil ulaglary bilele\u015figini\u0148 Ba\u015f sekretary jenap Umberto de Pretto, Birle\u015fen Milletler Guramasyny\u0148 Ba\u015f sekretaryny\u0148 orunbasary, az \u00f6sen \u00fdurtlary\u0148, \u00f6s\u00fd\u00e4n \u00fdurtlary\u0148, De\u0148ize \u00e7ykalgasy bolmadyk \u00fdurtlary\u0148 hem-de ownuk \u00f6s\u00fcp gel\u00fd\u00e4n ada d\u00f6wletlerini\u0148 \u00fdokary wekili hanym Rabab Fatima we Birle\u015fen Milletler Guramasyny\u0148 Da\u015fky Gur\u015faw Maksatnamasyny\u0148 \u00ddewropa b\u00f6l\u00fcmini\u0148 \u00ddewropa Sebitind\u00e4ki Howany\u0148 \u00fc\u00fdtgemegi bo\u00fdun\u00e7a me\u00fdilnamany\u0148 utga\u015fdyryjysyny\u0148 \u00fderine \u00fdetirijisi jenap Ersin Esen dagylar \u00e7yky\u015f etdiler.<\/p>\n<p>Du\u015fu\u015fyga gatna\u015fyjylar COVID-19-dan so\u0148ky dikeldi\u015fde, howany\u0148 \u00fc\u00fdtgemegini azaltmak we u\u00fdgunla\u015fmakda ulaglary\u0148 \u00e4hmi\u00fdeti, De\u0148ize \u00e7ykalgasy bolmadyk \u00f6s\u00fcp gel\u00fd\u00e4n \u00fdurtlary\u0148 sebitinde ulag infrastrukturasyny\u0148 \u00f6s\u00fc\u015fini\u0148 we hyzmatyny\u0148 netijeliligini \u00fdokarlandyrmak \u00fc\u00e7in teklipleri we m\u00fcmkin\u00e7ilikleri, ekologi\u00fda we durnukly ulag aragatna\u015fygy ulgamlarynda halkara goldawyny gi\u0148eltmek bilen baglany\u015fykly meseleleri ara alyp maslahatla\u015fdylar.<\/p>\n<p>Du\u015fu\u015fykda t\u00fcrkmen tarapy T\u00fcrkmenistany\u0148 ulag m\u00fcmkin\u00e7ilikleri, infrastruktura sy\u00fdasaty we \u00fdurtlary\u0148 arasynda halkara hyzmatda\u015flygyny \u00f6sd\u00fcrmek nukda\u00fdnazaryndan gazanylan \u00fcst\u00fcnlikler, ulag \u00fdollaryny\u0148 geljegi baradaky gara\u00fdy\u015flar we BMG Ba\u015f Assamble\u00fdasyny\u0148 A\/RES\/72\/212 &#8220;Durnukly \u00f6s\u00fc\u015f maksatlaryna \u00fdetmek \u00fc\u00e7in ulaglary\u0148 \u00e4hli g\u00f6rn\u00fc\u015flerini\u0148 arasyndaky baglany\u015fyklary berkitmek&#8221; atly kararnamadaky esasy pikirler barada hasabat berdi.<\/p>\n<p>T\u00fcrkmenistan tarapyndan amala a\u015fyrylan bilelikd\u00e4ki i\u015fler, ulag \u00f6s\u00fc\u015finde uly g\u00f6wr\u00fcmli taslamalar durmu\u015fa ge\u00e7irilip, d\u00fcn\u00fd\u00e4d\u00e4ki \u00fda\u015fa\u00fdy\u015f \u015fertlerini gowula\u015fdyrmakda, geljekki nesiller \u00fc\u00e7in \u00f6s\u00fc\u015fde i\u0148 m\u00f6h\u00fcm g\u00f6rkeziji bolan durnukly ulaga \u00fcns berilmelidir.<\/p>\n","protected":false},"excerpt":{"rendered":"<p>2-nji fewralda Birle\u015fen Milletler Guramasyny\u0148 \u00ddewropa Ykdysady Komissi\u00fdasyny\u0148 I\u00e7erki ulag komitetini\u0148 85-nji mejlisini\u0148 \u00e7\u00e4klerinde, T\u00fcrkmenistany\u0148 BMG-ni\u0148 \u017denewadaky edarasyny\u0148 hemi\u015felik wekilhanasyny\u0148, BMG-ni\u0148 \u00ddewropa ykdysady komissi\u00fdasy bilen bilelikd\u00e4ki ba\u015flangyjy bilen \u00abDe\u0148ize \u00e7ykalgasy bolmadyk \u00f6s\u00fcp gel\u00fd\u00e4n \u00fdurtlary\u0148 howany\u0148 durnukly \u00fc\u00fdtgemegine, uglerod zy\u0148yndylary pes bolan ulag d\u00fcz\u00fcmlerine ge\u00e7i\u015fini\u0148 el\u00fdeterli bolmagyny hem-de m\u00fcmkin\u00e7iliklerini \u00fdokarlandyrmak\u00bb mowzugyna bagy\u015flanyp bilelikde \u00e7\u00e4re ge\u00e7irildi. \u00c7\u00e4r\u00e4ni\u0148 [&hellip;]<\/p>\n","protected":false},"author":2,"featured_media":73301,"comment_status":"open","ping_status":"closed","sticky":false,"template":"","format":"standard","meta":{"footnotes":""},"categories":[3],"tags":[],"acf":[],"_links":{"self":[{"href":"https:\/\/zamanturkmenistan.com.tm\/index.php?rest_route=\/wp\/v2\/posts\/73300"}],"collection":[{"href":"https:\/\/zamanturkmenistan.com.tm\/index.php?rest_route=\/wp\/v2\/posts"}],"about":[{"href":"https:\/\/zamanturkmenistan.com.tm\/index.php?rest_route=\/wp\/v2\/types\/post"}],"author":[{"embeddable":true,"href":"https:\/\/zamanturkmenistan.com.tm\/index.php?rest_route=\/wp\/v2\/users\/2"}],"replies":[{"embeddable":true,"href":"https:\/\/zamanturkmenistan.com.tm\/index.php?rest_route=%2Fwp%2Fv2%2Fcomments&post=73300"}],"version-history":[{"count":1,"href":"https:\/\/zamanturkmenistan.com.tm\/index.php?rest_route=\/wp\/v2\/posts\/73300\/revisions"}],"predecessor-version":[{"id":73302,"href":"https:\/\/zamanturkmenistan.com.tm\/index.php?rest_route=\/wp\/v2\/posts\/73300\/revisions\/73302"}],"wp:featuredmedia":[{"embeddable":true,"href":"https:\/\/zamanturkmenistan.com.tm\/index.php?rest_route=\/wp\/v2\/media\/73301"}],"wp:attachment":[{"href":"https:\/\/zamanturkmenistan.com.tm\/index.php?rest_route=%2Fwp%2Fv2%2Fmedia&parent=73300"}],"wp:term":[{"taxonomy":"category","embeddable":true,"href":"https:\/\/zamanturkmenistan.com.tm\/index.php?rest_route=%2Fwp%2Fv2%2Fcategories&post=73300"},{"taxonomy":"post_tag","embeddable":true,"href":"https:\/\/zamanturkmenistan.com.tm\/index.php?rest_route=%2Fwp%2Fv2%2Ftags&post=73300"}],"curies":[{"name":"wp","href":"https:\/\/api.w.org\/{rel}","templated":true}]}}