{"id":73347,"date":"2023-02-25T10:01:02","date_gmt":"2023-02-25T05:01:02","guid":{"rendered":"https:\/\/zamanturkmenistan.com.tm\/?p=73347"},"modified":"2023-02-25T10:01:02","modified_gmt":"2023-02-25T05:01:02","slug":"dalasgarleri-hodurlemek-isi-tamamlandy","status":"publish","type":"post","link":"https:\/\/zamanturkmenistan.com.tm\/?p=73347","title":{"rendered":"Dala\u015fg\u00e4rleri h\u00f6d\u00fcrlemek i\u015fi tamamlandy"},"content":{"rendered":"<p><strong>24-nji fewralda \u00fdurdumyzda Mejlisi\u0148 deputatlygyna, wela\u00fdat, etrap we \u015f\u00e4her halk maslahatlaryny\u0148, Ge\u0148e\u015fleri\u0148 agzalygyna sa\u00fdlaw m\u00f6ws\u00fcmini\u0148 \u00e7\u00e4klerind\u00e4ki dala\u015fg\u00e4rleri h\u00f6d\u00fcrlemek i\u015fi tamamlandy. H\u00e4zirki wagtda dala\u015fg\u00e4rleri bellige almak i\u015fleri dowam ed\u00fd\u00e4r, \u00fdakyn g\u00fcnlerde bolsa olary\u0148 sa\u00fdlaw\u00e7ylar bilen du\u015fu\u015fyklary ba\u015flanar.<\/strong><\/p>\n<p>Hereket ed\u00fd\u00e4n kanun\u00e7ylyga la\u00fdyklykda, sa\u00fdlaw okruglarynda sy\u00fdasy parti\u00fdalary\u0148 komitetlerini\u0148 we ra\u00fdatlar toparlaryny\u0148 dala\u015fg\u00e4rleri h\u00f6d\u00fcrlemek bo\u00fdun\u00e7a mejlisleri ge\u00e7irildi. Du\u015fu\u015fyklara gatna\u015fyjylar dala\u015fg\u00e4rleri\u0148 z\u00e4hmet \u00fdoly, d\u00f6wletimizi\u0148 we jemgy\u00fdetimizi\u0148 demokratik \u00f6s\u00fc\u015fini\u0148 geljekki ugurlary bo\u00fdun\u00e7a gara\u00fdy\u015flary bilen tany\u015fdylar we i\u015few\u00fcrlik, \u015fahsy h\u00e4si\u00fdetlerini i\u00e7gin ara alyp maslahatla\u015fyp, olary\u0148 dala\u015fg\u00e4rligini goldadylar.<\/p>\n<p>Jemgy\u00fdetimizi\u0148 durmu\u015fynda demokratik kadalary berkarar etmegi\u0148 esasy \u015fertleri \u2014 gi\u0148 b\u00e4sde\u015flik, a\u00e7yklyk we a\u00fdanlyk \u00fd\u00f6relgeleri hemi\u015fe bol\u015fy \u00fdaly, \u015fu gezekki sa\u00fdlaw m\u00f6ws\u00fcmini\u0148 hem esasy ugurlary bolup dur\u00fdar. Parlamenti\u0148 deputaty, \u00fderli h\u00e4kimi\u00fdet edaralaryny\u0148, \u00fderli \u00f6z-\u00f6z\u00fc\u0148i dolandyry\u015f edaralaryny\u0148 wekili hukugyna e\u00fde bolmaga halkymyzy\u0148 mynasyp wekilleri, watanda\u015flarymyzy\u0148 hormatyndan we abra\u00fddan pe\u00fddalan\u00fdan adamlar dala\u015f ed\u00fd\u00e4rler.<\/p>\n<p>28-nji fewralda degi\u015fli sa\u00fdlaw toparlarynda bellige almak i\u015fi tamamlanandan so\u0148ra, dala\u015fg\u00e4rleri\u0148 sanawy metbugatda \u00e7ap ediler. So\u0148ra \u00e4hli dala\u015fg\u00e4rlere we olary\u0148 ynanylan adamlaryna wagyz-nesihat i\u015flerini, sa\u00fdlaw\u00e7ylary bilen du\u015fu\u015fyklary ge\u00e7irmek, \u015fol sanda sa\u00fdlawlary\u0148 \u00f6\u0148\u00fcsyrasyndaky \u00fdygnaklarda, maslahatlarda, k\u00f6p\u00e7\u00fclikle\u00fdin habar beri\u015f seri\u015fdelerinde \u00e7yky\u015f etmek \u00fc\u00e7in de\u0148 m\u00fcmkin\u00e7ilikler d\u00f6rediler. \u015eunu\u0148 bilen birlikde, sa\u00fdlaw\u00e7ylara h\u00f6d\u00fcrlenen dala\u015fg\u00e4rler barada erkin we hemmetarapla\u00fdyn pikir aly\u015fmaga \u015fert d\u00f6redil\u00fd\u00e4r. Bu bolsa olary\u0148 her bir dala\u015fg\u00e4ri\u0148 i\u015few\u00fcrlik we \u015fahsy h\u00e4si\u00fdetleri bilen tany\u015fmaklaryna m\u00fcmkin\u00e7ilik berer.<\/p>\n<p>Sa\u00fdlaw\u00e7ylar bilen du\u015fu\u015fyklary\u0148 ge\u00e7iriljek wagty hem-de \u00fderi baradaky maglumat \u00fderli metbugat ne\u015firlerinde \u00e7ap ediler. Du\u015fu\u015fyklary\u0148 dowamynda sa\u00fdlaw\u00e7ylar dala\u015fg\u00e4rleri\u0148 sa\u00fdlawlary\u0148 \u00f6\u0148\u00fcsyrasyndaky maksatnamalary bilen doly tan\u015farlar.<\/p>\n<p>26-njy martda ge\u00e7iriljek sa\u00fdlawlar halkymyzy\u0148 \u00fdurdumyzda t\u00fcrkmen halkyny\u0148 Milli Lideri, T\u00fcrkmenistany\u0148 Halk Maslahatyny\u0148 Ba\u015flygy Gurbanguly Berdimuhamedowy\u0148 ba\u015flangyjy bo\u00fdun\u00e7a \u00fda\u00fdba\u0148landyrylan we hormatly Prezidentimiz Serdar Berdimuhamedowy\u0148 ba\u015ftutanlygynda \u00fcst\u00fcnlikli durmu\u015fa ge\u00e7iril\u00fd\u00e4n gi\u0148 m\u00f6\u00e7berli demokratik \u00f6zgertmelere ygrarlydygyny g\u00f6rkezm\u00e4ge g\u00f6n\u00fckdirilendir.<\/p>\n<p>Sa\u00fdlawlary\u0148 \u00f6\u0148\u00fcsyrasyndaky \u00e7\u00e4releri\u0148 ge\u00e7irili\u015fine milli syn\u00e7ylar we d\u00fcrli halkara d\u00fcz\u00fcmleri\u0148 \u00fd\u00f6rite \u00e7agyrylan wekilleri g\u00f6zeg\u00e7ilik ederler. H\u00e4zirki g\u00fcne \u00e7enli Demokratik parti\u00fdadan, Senagat\u00e7ylar we teleke\u00e7iler parti\u00fdasyndan, Agrar parti\u00fdadan, jemgy\u00fdet\u00e7ilik guramalaryndan syn\u00e7ylary\u0148 3 m\u00fc\u0148e gola\u00fdy bellige alyndy. Olara tassyklanan nusgadaky \u015fahsy\u00fdetnamalar gow\u015furyldy.<\/p>\n<p>Gara\u015fsyz D\u00f6wletleri\u0148 Arkala\u015fygyny\u0148 \u00dderine \u00fdetiriji komitetinden, T\u00fcrki D\u00f6wletleri\u0148 Guramasyndan wekiller sa\u00fdlawlara syn\u00e7y h\u00f6km\u00fcnde gatna\u015fmaga gyzyklanma bildirdiler. \u015ee\u00fdle hem Birle\u015fen Milletler Guramasyndan, \u00ddewropada Howpsuzlyk we Hyzmatda\u015flyk Guramasyny\u0148 Demokratik institutlar we adam hukuklary bo\u00fdun\u00e7a b\u00fdurosyndan, da\u015fary \u00fdurtlary\u0148 k\u00f6p\u00e7\u00fclikle\u00fdin habar beri\u015f seri\u015fdelerinden wekilleri\u0148 gelmegine gara\u015fyl\u00fdar.<\/p>\n<p>\u00dderli syn\u00e7ylar \u00fc\u00e7in milli sa\u00fdlaw kanun\u00e7ylygyndaky \u00fc\u00fdtgetmeler, olary\u0148 wezipe bor\u00e7lary, sa\u00fdlawlary ge\u00e7irmegi\u0148 tertibi bilen tany\u015fdyr\u00fdan okuw sapaklary ge\u00e7irildi. \u015ee\u00fdle okuw sapaklary etrap, \u015f\u00e4her we okrug sa\u00fdlaw toparlaryny\u0148 agzalary \u00fc\u00e7in hem guraldy.<\/p>\n<p>\u00d6\u0148de boljak sa\u00fdlawlara ta\u00fd\u00fdarlyk bo\u00fdun\u00e7a gurama\u00e7ylyk i\u015fleri dowam ed\u00fd\u00e4r.<\/p>\n","protected":false},"excerpt":{"rendered":"<p>24-nji fewralda \u00fdurdumyzda Mejlisi\u0148 deputatlygyna, wela\u00fdat, etrap we \u015f\u00e4her halk maslahatlaryny\u0148, Ge\u0148e\u015fleri\u0148 agzalygyna sa\u00fdlaw m\u00f6ws\u00fcmini\u0148 \u00e7\u00e4klerind\u00e4ki dala\u015fg\u00e4rleri h\u00f6d\u00fcrlemek i\u015fi tamamlandy. H\u00e4zirki wagtda dala\u015fg\u00e4rleri bellige almak i\u015fleri dowam ed\u00fd\u00e4r, \u00fdakyn g\u00fcnlerde bolsa olary\u0148 sa\u00fdlaw\u00e7ylar bilen du\u015fu\u015fyklary ba\u015flanar. Hereket ed\u00fd\u00e4n kanun\u00e7ylyga la\u00fdyklykda, sa\u00fdlaw okruglarynda sy\u00fdasy parti\u00fdalary\u0148 komitetlerini\u0148 we ra\u00fdatlar toparlaryny\u0148 dala\u015fg\u00e4rleri h\u00f6d\u00fcrlemek bo\u00fdun\u00e7a mejlisleri ge\u00e7irildi. Du\u015fu\u015fyklara gatna\u015fyjylar [&hellip;]<\/p>\n","protected":false},"author":2,"featured_media":56758,"comment_status":"open","ping_status":"closed","sticky":false,"template":"","format":"standard","meta":{"footnotes":""},"categories":[3],"tags":[],"acf":[],"_links":{"self":[{"href":"https:\/\/zamanturkmenistan.com.tm\/index.php?rest_route=\/wp\/v2\/posts\/73347"}],"collection":[{"href":"https:\/\/zamanturkmenistan.com.tm\/index.php?rest_route=\/wp\/v2\/posts"}],"about":[{"href":"https:\/\/zamanturkmenistan.com.tm\/index.php?rest_route=\/wp\/v2\/types\/post"}],"author":[{"embeddable":true,"href":"https:\/\/zamanturkmenistan.com.tm\/index.php?rest_route=\/wp\/v2\/users\/2"}],"replies":[{"embeddable":true,"href":"https:\/\/zamanturkmenistan.com.tm\/index.php?rest_route=%2Fwp%2Fv2%2Fcomments&post=73347"}],"version-history":[{"count":1,"href":"https:\/\/zamanturkmenistan.com.tm\/index.php?rest_route=\/wp\/v2\/posts\/73347\/revisions"}],"predecessor-version":[{"id":73348,"href":"https:\/\/zamanturkmenistan.com.tm\/index.php?rest_route=\/wp\/v2\/posts\/73347\/revisions\/73348"}],"wp:featuredmedia":[{"embeddable":true,"href":"https:\/\/zamanturkmenistan.com.tm\/index.php?rest_route=\/wp\/v2\/media\/56758"}],"wp:attachment":[{"href":"https:\/\/zamanturkmenistan.com.tm\/index.php?rest_route=%2Fwp%2Fv2%2Fmedia&parent=73347"}],"wp:term":[{"taxonomy":"category","embeddable":true,"href":"https:\/\/zamanturkmenistan.com.tm\/index.php?rest_route=%2Fwp%2Fv2%2Fcategories&post=73347"},{"taxonomy":"post_tag","embeddable":true,"href":"https:\/\/zamanturkmenistan.com.tm\/index.php?rest_route=%2Fwp%2Fv2%2Ftags&post=73347"}],"curies":[{"name":"wp","href":"https:\/\/api.w.org\/{rel}","templated":true}]}}