{"id":73355,"date":"2023-02-25T10:26:55","date_gmt":"2023-02-25T05:26:55","guid":{"rendered":"https:\/\/zamanturkmenistan.com.tm\/?p=73355"},"modified":"2023-02-25T10:26:55","modified_gmt":"2023-02-25T05:26:55","slug":"halkara-zenanlar-guni-mynasybetli-baslesikler-geciriler","status":"publish","type":"post","link":"https:\/\/zamanturkmenistan.com.tm\/?p=73355","title":{"rendered":"Halkara zenanlar g\u00fcni mynasybetli b\u00e4sle\u015fikler ge\u00e7iriler"},"content":{"rendered":"<p>\u00ddur\u00addu\u00admyz\u00adda gi\u0148\u00adden bel\u00adle\u00adnil\u00ad\u00fd\u00e4n 8-nji mart \u2013 Hal\u00adka\u00adra ze\u00adnan\u00adlar g\u00fc\u00adni my\u00adna\u00adsy\u00adbet\u00adli T\u00fcrk\u00adme\u00adnis\u00adta\u00adny\u0148 K\u00e4r\u00adde\u015f\u00adler Ar\u00adka\u00adla\u00ad\u015fyk\u00adla\u00adry we T\u00fcrk\u00adme\u00adnis\u00adta\u00adny\u0148 Ze\u00adnan\u00adlar bir\u00adle\u00ad\u015fi\u00adgi\u00adni\u0148 Mer\u00adke\u00adzi Ge\u00ad\u0148e\u00ad\u015fi\u00adni\u0148 gur\u00adna\u00adma\u00adgyn\u00adda d\u00fcr\u00adli ba\u00fd\u00adram\u00ad\u00e7y\u00adlyk \u00e7\u00e4\u00adre\u00adle\u00adri we da\u00adba\u00adra\u00adlar ge\u00ad\u00e7i\u00adri\u00adler.<br \/>\n27-nji few\u00adral\u00adda \u201cG\u00fcl Ze\u00admin\u201d dyn\u00e7 aly\u015f mer\u00adke\u00adzi\u00adni\u0148 ki\u00ad\u00e7i za\u00adlyn\u00adda \u201cH\u00fc\u00adn\u00e4\u00adrim bar, hor\u00adma\u00adtym bar\u201d at\u00adly b\u00e4s\u00adle\u00ad\u015fik ge\u00ad\u00e7i\u00adri\u00adler.<br \/>\n1-nji mart\u00adda \u201cG\u00fcl Ze\u00admin\u201d dyn\u00e7 aly\u015f mer\u00adke\u00adzi\u00adni\u0148 uly za\u00adlyn\u00adda \u201c\u00ddy\u00adly\u0148 Ze\u00adna\u00adny\u201d at\u00adly b\u00e4s\u00adle\u00ad\u015fik ge\u00ad\u00e7i\u00adri\u00adler. B\u00e4s\u00adle\u00ad\u015fik sa\u00adgat 9:00-da ba\u015f\u00adlan\u00ad\u00fdar.<br \/>\n3-nji mart\u00adda T\u00fcrk\u00adme\u00adnis\u00adta\u00adny\u0148 Ha\u00adly mu\u00adze\u00ad\u00fdin\u00adde \u201cAr\u00ad\u015fy\u0148 ne\u00adpis\u00adli\u00adgi\u201d at\u00adly b\u00e4s\u00adle\u00ad\u015fik ge\u00ad\u00e7i\u00adri\u00adler. B\u00e4s\u00adle\u00ad\u015fik sa\u00adgat 10:00-da ba\u015f\u00adlan\u00ad\u00fdar.<\/p>\n","protected":false},"excerpt":{"rendered":"<p>\u00ddur\u00addu\u00admyz\u00adda gi\u0148\u00adden bel\u00adle\u00adnil\u00ad\u00fd\u00e4n 8-nji mart \u2013 Hal\u00adka\u00adra ze\u00adnan\u00adlar g\u00fc\u00adni my\u00adna\u00adsy\u00adbet\u00adli T\u00fcrk\u00adme\u00adnis\u00adta\u00adny\u0148 K\u00e4r\u00adde\u015f\u00adler Ar\u00adka\u00adla\u00ad\u015fyk\u00adla\u00adry we T\u00fcrk\u00adme\u00adnis\u00adta\u00adny\u0148 Ze\u00adnan\u00adlar bir\u00adle\u00ad\u015fi\u00adgi\u00adni\u0148 Mer\u00adke\u00adzi Ge\u00ad\u0148e\u00ad\u015fi\u00adni\u0148 gur\u00adna\u00adma\u00adgyn\u00adda d\u00fcr\u00adli ba\u00fd\u00adram\u00ad\u00e7y\u00adlyk \u00e7\u00e4\u00adre\u00adle\u00adri we da\u00adba\u00adra\u00adlar ge\u00ad\u00e7i\u00adri\u00adler. 27-nji few\u00adral\u00adda \u201cG\u00fcl Ze\u00admin\u201d dyn\u00e7 aly\u015f mer\u00adke\u00adzi\u00adni\u0148 ki\u00ad\u00e7i za\u00adlyn\u00adda \u201cH\u00fc\u00adn\u00e4\u00adrim bar, hor\u00adma\u00adtym bar\u201d at\u00adly b\u00e4s\u00adle\u00ad\u015fik ge\u00ad\u00e7i\u00adri\u00adler. 1-nji mart\u00adda \u201cG\u00fcl Ze\u00admin\u201d dyn\u00e7 aly\u015f mer\u00adke\u00adzi\u00adni\u0148 uly za\u00adlyn\u00adda \u201c\u00ddy\u00adly\u0148 Ze\u00adna\u00adny\u201d at\u00adly b\u00e4s\u00adle\u00ad\u015fik [&hellip;]<\/p>\n","protected":false},"author":2,"featured_media":73357,"comment_status":"open","ping_status":"closed","sticky":false,"template":"","format":"standard","meta":{"footnotes":""},"categories":[3],"tags":[],"acf":[],"_links":{"self":[{"href":"https:\/\/zamanturkmenistan.com.tm\/index.php?rest_route=\/wp\/v2\/posts\/73355"}],"collection":[{"href":"https:\/\/zamanturkmenistan.com.tm\/index.php?rest_route=\/wp\/v2\/posts"}],"about":[{"href":"https:\/\/zamanturkmenistan.com.tm\/index.php?rest_route=\/wp\/v2\/types\/post"}],"author":[{"embeddable":true,"href":"https:\/\/zamanturkmenistan.com.tm\/index.php?rest_route=\/wp\/v2\/users\/2"}],"replies":[{"embeddable":true,"href":"https:\/\/zamanturkmenistan.com.tm\/index.php?rest_route=%2Fwp%2Fv2%2Fcomments&post=73355"}],"version-history":[{"count":1,"href":"https:\/\/zamanturkmenistan.com.tm\/index.php?rest_route=\/wp\/v2\/posts\/73355\/revisions"}],"predecessor-version":[{"id":73358,"href":"https:\/\/zamanturkmenistan.com.tm\/index.php?rest_route=\/wp\/v2\/posts\/73355\/revisions\/73358"}],"wp:featuredmedia":[{"embeddable":true,"href":"https:\/\/zamanturkmenistan.com.tm\/index.php?rest_route=\/wp\/v2\/media\/73357"}],"wp:attachment":[{"href":"https:\/\/zamanturkmenistan.com.tm\/index.php?rest_route=%2Fwp%2Fv2%2Fmedia&parent=73355"}],"wp:term":[{"taxonomy":"category","embeddable":true,"href":"https:\/\/zamanturkmenistan.com.tm\/index.php?rest_route=%2Fwp%2Fv2%2Fcategories&post=73355"},{"taxonomy":"post_tag","embeddable":true,"href":"https:\/\/zamanturkmenistan.com.tm\/index.php?rest_route=%2Fwp%2Fv2%2Ftags&post=73355"}],"curies":[{"name":"wp","href":"https:\/\/api.w.org\/{rel}","templated":true}]}}