{"id":73538,"date":"2023-02-28T13:02:32","date_gmt":"2023-02-28T08:02:32","guid":{"rendered":"https:\/\/zamanturkmenistan.com.tm\/?p=73538"},"modified":"2023-02-28T13:02:32","modified_gmt":"2023-02-28T08:02:32","slug":"uly-optiki-teleskop-gurlar","status":"publish","type":"post","link":"https:\/\/zamanturkmenistan.com.tm\/?p=73538","title":{"rendered":"Uly optiki teleskop gurlar"},"content":{"rendered":"<p>Hy\u00adta\u00fd Pa\u00admir dag\u00adla\u00adry\u00adny\u0148 ge\u00adri\u015f\u00adle\u00adrin\u00adde \u00fdur\u00addu\u0148 \u00fc\u00e7\u00fcn\u00adji ulu\u00adlyk\u00adda\u00adky op\u00adtik te\u00adles\u00adko\u00adby\u00adny gu\u00adrar. \u00ddur\u00addu\u0148 Ylym\u00adlar aka\u00adde\u00admi\u00ad\u00fda\u00adsy\u00adna de\u00adgi\u015f\u00adli \u015ein\u00adja\u0148 Ast\u00adro\u00adno\u00admi\u00ad\u00fda ob\u00adser\u00adwa\u00adto\u00adri\u00ad\u00fda\u00adsy\u00adny\u0148 ber\u00ad\u00fd\u00e4n mag\u00adlu\u00adma\u00adty\u00adna g\u00f6\u00adr\u00e4, te\u00adles\u00adkop U\u00fd\u00adgur aw\u00adto\u00adnom ra\u00ad\u00fdo\u00adny\u00adny\u0148 g\u00fc\u00adnor\u00adta\u00adsyn\u00adda\u00adky Ake\u00adtao et\u00adra\u00adbyn\u00adda\u00adky Muz\u00adtag (Buz\u00addag) ob\u00adser\u00adwa\u00adto\u00adri\u00ad\u00fda\u00adsy\u00adna \u00fder\u00adle\u015f\u00addi\u00adri\u00adler. Bu ob\u00adser\u00adwa\u00adto\u00adri\u00ad\u00fda de\u00ad\u0148iz de\u00adre\u00adje\u00adsin\u00adden 4 m\u00fc\u0148 520 met\u00adre be\u00ad\u00fdik\u00adlik\u00adde \u00fder\u00adle\u015f\u00ad\u00fd\u00e4r.<br \/>\nOb\u00adser\u00adwa\u00adto\u00adri\u00ad\u00fda\u00adny\u0148 m\u00fc\u00addi\u00adri Wan Na gy\u015f a\u00fd\u00adla\u00adryn\u00adda se\u00adbit\u00add\u00e4\u00adki at\u00admos\u00adfe\u00adra\u00adny\u0148 \u00e7yg\u00adly\u00adlyk muk\u00adda\u00adry\u00adny\u0148 adat\u00ad\u00e7a iki mil\u00adli\u00admetr\u00adden az bol\u00ad\u00fdan\u00addy\u00adgy\u00adny we be\u00ad\u00fdik Go\u00ad\u0148ur da\u00adgy\u00adny\u0148 \u015f\u00e4\u00adher\u00adler\u00adden \u00fda\u00fd\u00adra\u00ad\u00fdan y\u015fyk\u00adla\u00adry\u0148 \u00f6\u0148\u00fc\u00adni al\u00ad\u00fdan\u00addy\u00adgy\u00adny, mu\u00adnu\u0148 op\u00adtik g\u00f6z\u00adleg \u00fc\u00e7in ama\u00adly \u015fer\u00adti d\u00f6\u00adred\u00ad\u00fd\u00e4n\u00addi\u00adgi\u00adni bel\u00adle\u00ad\u00fd\u00e4r.<\/p>\n","protected":false},"excerpt":{"rendered":"<p>Hy\u00adta\u00fd Pa\u00admir dag\u00adla\u00adry\u00adny\u0148 ge\u00adri\u015f\u00adle\u00adrin\u00adde \u00fdur\u00addu\u0148 \u00fc\u00e7\u00fcn\u00adji ulu\u00adlyk\u00adda\u00adky op\u00adtik te\u00adles\u00adko\u00adby\u00adny gu\u00adrar. \u00ddur\u00addu\u0148 Ylym\u00adlar aka\u00adde\u00admi\u00ad\u00fda\u00adsy\u00adna de\u00adgi\u015f\u00adli \u015ein\u00adja\u0148 Ast\u00adro\u00adno\u00admi\u00ad\u00fda ob\u00adser\u00adwa\u00adto\u00adri\u00ad\u00fda\u00adsy\u00adny\u0148 ber\u00ad\u00fd\u00e4n mag\u00adlu\u00adma\u00adty\u00adna g\u00f6\u00adr\u00e4, te\u00adles\u00adkop U\u00fd\u00adgur aw\u00adto\u00adnom ra\u00ad\u00fdo\u00adny\u00adny\u0148 g\u00fc\u00adnor\u00adta\u00adsyn\u00adda\u00adky Ake\u00adtao et\u00adra\u00adbyn\u00adda\u00adky Muz\u00adtag (Buz\u00addag) ob\u00adser\u00adwa\u00adto\u00adri\u00ad\u00fda\u00adsy\u00adna \u00fder\u00adle\u015f\u00addi\u00adri\u00adler. Bu ob\u00adser\u00adwa\u00adto\u00adri\u00ad\u00fda de\u00ad\u0148iz de\u00adre\u00adje\u00adsin\u00adden 4 m\u00fc\u0148 520 met\u00adre be\u00ad\u00fdik\u00adlik\u00adde \u00fder\u00adle\u015f\u00ad\u00fd\u00e4r. Ob\u00adser\u00adwa\u00adto\u00adri\u00ad\u00fda\u00adny\u0148 m\u00fc\u00addi\u00adri Wan Na gy\u015f a\u00fd\u00adla\u00adryn\u00adda se\u00adbit\u00add\u00e4\u00adki at\u00admos\u00adfe\u00adra\u00adny\u0148 \u00e7yg\u00adly\u00adlyk muk\u00adda\u00adry\u00adny\u0148 adat\u00ad\u00e7a iki mil\u00adli\u00admetr\u00adden az [&hellip;]<\/p>\n","protected":false},"author":2,"featured_media":73539,"comment_status":"open","ping_status":"closed","sticky":false,"template":"","format":"standard","meta":{"footnotes":""},"categories":[5],"tags":[],"acf":[],"_links":{"self":[{"href":"https:\/\/zamanturkmenistan.com.tm\/index.php?rest_route=\/wp\/v2\/posts\/73538"}],"collection":[{"href":"https:\/\/zamanturkmenistan.com.tm\/index.php?rest_route=\/wp\/v2\/posts"}],"about":[{"href":"https:\/\/zamanturkmenistan.com.tm\/index.php?rest_route=\/wp\/v2\/types\/post"}],"author":[{"embeddable":true,"href":"https:\/\/zamanturkmenistan.com.tm\/index.php?rest_route=\/wp\/v2\/users\/2"}],"replies":[{"embeddable":true,"href":"https:\/\/zamanturkmenistan.com.tm\/index.php?rest_route=%2Fwp%2Fv2%2Fcomments&post=73538"}],"version-history":[{"count":1,"href":"https:\/\/zamanturkmenistan.com.tm\/index.php?rest_route=\/wp\/v2\/posts\/73538\/revisions"}],"predecessor-version":[{"id":73540,"href":"https:\/\/zamanturkmenistan.com.tm\/index.php?rest_route=\/wp\/v2\/posts\/73538\/revisions\/73540"}],"wp:featuredmedia":[{"embeddable":true,"href":"https:\/\/zamanturkmenistan.com.tm\/index.php?rest_route=\/wp\/v2\/media\/73539"}],"wp:attachment":[{"href":"https:\/\/zamanturkmenistan.com.tm\/index.php?rest_route=%2Fwp%2Fv2%2Fmedia&parent=73538"}],"wp:term":[{"taxonomy":"category","embeddable":true,"href":"https:\/\/zamanturkmenistan.com.tm\/index.php?rest_route=%2Fwp%2Fv2%2Fcategories&post=73538"},{"taxonomy":"post_tag","embeddable":true,"href":"https:\/\/zamanturkmenistan.com.tm\/index.php?rest_route=%2Fwp%2Fv2%2Ftags&post=73538"}],"curies":[{"name":"wp","href":"https:\/\/api.w.org\/{rel}","templated":true}]}}