{"id":73737,"date":"2023-03-02T16:38:52","date_gmt":"2023-03-02T11:38:52","guid":{"rendered":"https:\/\/zamanturkmenistan.com.tm\/?p=73737"},"modified":"2023-03-02T16:38:52","modified_gmt":"2023-03-02T11:38:52","slug":"wyetnamyn-taze-prezidenti-2","status":"publish","type":"post","link":"https:\/\/zamanturkmenistan.com.tm\/?p=73737","title":{"rendered":"W\u00fdetnamy\u0148 t\u00e4ze Prezidenti"},"content":{"rendered":"<p>W\u00fdetnamy\u0148 Milli \u00fdygnagy (parlament) Kommunistik parti\u00fdany\u0148 Merkezi komitetini\u0148 Sy\u00fdasy b\u00fdurosyny\u0148 agzasy Wo Wan Thyongy\u0148 \u00fdurdu\u0148 prezidentligine dala\u015fg\u00e4rligine garady we tassyklady. Bu barada 2-nji martda W\u00fdetnam h\u00f6k\u00fcmetini\u0148 internet portalynda habar berildi.<\/p>\n<p>W\u00fdetnamy\u0148 t\u00e4ze Prezidentini\u0148 dala\u015fg\u00e4rligi tassyklanandan so\u0148, ol parlament deputatlaryny\u0148 \u00f6\u0148\u00fcnde kasam kabul etdi.<\/p>\n<p>18-nji \u00fdanwarda W\u00fdetnamy\u0148 wise-prezidenti Wo Thi Anh Suan \u00fdurdu\u0148 wagtla\u00fdyn prezidenti wezipesine bellendi.<\/p>\n<p>Ondan \u00f6\u0148 W\u00fdetnamy\u0148 Prezidenti Nguyen Suan Fuk i\u015finden \u00e7ekildi. Prezidenti\u0148 me\u00fdletin i\u015fden \u00e7ekilmegi W\u00fdetnam Kommunistik parti\u00fdasyny\u0148 Merkezi komiteti tarapyndan tassyklandy. Nguyen Suan Fuk 2016-njy \u00fdyldan 2021-nji \u00fdyla \u00e7enli W\u00fdetnamy\u0148 Prem\u00fder-ministri bolup i\u015fledi. 2021-nji \u00fdyly\u0148 aprelinde \u00fdurdu\u0148 prezidenti wezipesine sa\u00fdlandy.<\/p>\n","protected":false},"excerpt":{"rendered":"<p>W\u00fdetnamy\u0148 Milli \u00fdygnagy (parlament) Kommunistik parti\u00fdany\u0148 Merkezi komitetini\u0148 Sy\u00fdasy b\u00fdurosyny\u0148 agzasy Wo Wan Thyongy\u0148 \u00fdurdu\u0148 prezidentligine dala\u015fg\u00e4rligine garady we tassyklady. Bu barada 2-nji martda W\u00fdetnam h\u00f6k\u00fcmetini\u0148 internet portalynda habar berildi. W\u00fdetnamy\u0148 t\u00e4ze Prezidentini\u0148 dala\u015fg\u00e4rligi tassyklanandan so\u0148, ol parlament deputatlaryny\u0148 \u00f6\u0148\u00fcnde kasam kabul etdi. 18-nji \u00fdanwarda W\u00fdetnamy\u0148 wise-prezidenti Wo Thi Anh Suan \u00fdurdu\u0148 wagtla\u00fdyn prezidenti wezipesine [&hellip;]<\/p>\n","protected":false},"author":2,"featured_media":73738,"comment_status":"open","ping_status":"closed","sticky":false,"template":"","format":"standard","meta":{"footnotes":""},"categories":[5],"tags":[],"acf":[],"_links":{"self":[{"href":"https:\/\/zamanturkmenistan.com.tm\/index.php?rest_route=\/wp\/v2\/posts\/73737"}],"collection":[{"href":"https:\/\/zamanturkmenistan.com.tm\/index.php?rest_route=\/wp\/v2\/posts"}],"about":[{"href":"https:\/\/zamanturkmenistan.com.tm\/index.php?rest_route=\/wp\/v2\/types\/post"}],"author":[{"embeddable":true,"href":"https:\/\/zamanturkmenistan.com.tm\/index.php?rest_route=\/wp\/v2\/users\/2"}],"replies":[{"embeddable":true,"href":"https:\/\/zamanturkmenistan.com.tm\/index.php?rest_route=%2Fwp%2Fv2%2Fcomments&post=73737"}],"version-history":[{"count":1,"href":"https:\/\/zamanturkmenistan.com.tm\/index.php?rest_route=\/wp\/v2\/posts\/73737\/revisions"}],"predecessor-version":[{"id":73739,"href":"https:\/\/zamanturkmenistan.com.tm\/index.php?rest_route=\/wp\/v2\/posts\/73737\/revisions\/73739"}],"wp:featuredmedia":[{"embeddable":true,"href":"https:\/\/zamanturkmenistan.com.tm\/index.php?rest_route=\/wp\/v2\/media\/73738"}],"wp:attachment":[{"href":"https:\/\/zamanturkmenistan.com.tm\/index.php?rest_route=%2Fwp%2Fv2%2Fmedia&parent=73737"}],"wp:term":[{"taxonomy":"category","embeddable":true,"href":"https:\/\/zamanturkmenistan.com.tm\/index.php?rest_route=%2Fwp%2Fv2%2Fcategories&post=73737"},{"taxonomy":"post_tag","embeddable":true,"href":"https:\/\/zamanturkmenistan.com.tm\/index.php?rest_route=%2Fwp%2Fv2%2Ftags&post=73737"}],"curies":[{"name":"wp","href":"https:\/\/api.w.org\/{rel}","templated":true}]}}