{"id":73754,"date":"2023-03-02T18:49:19","date_gmt":"2023-03-02T13:49:19","guid":{"rendered":"https:\/\/zamanturkmenistan.com.tm\/?p=73754"},"modified":"2023-03-02T18:49:19","modified_gmt":"2023-03-02T13:49:19","slug":"dowlet-bastutanymyz-gosulysmazlyk-hereketinin-covid-19-bilen-goresmek-boyunca-aragatnasyk-toparynyn-sammitine-gatnasdy","status":"publish","type":"post","link":"https:\/\/zamanturkmenistan.com.tm\/?p=73754","title":{"rendered":"D\u00f6wlet Ba\u015ftutanymyz Go\u015fuly\u015fmazlyk Hereketini\u0148 COVID-19 bilen g\u00f6re\u015fmek bo\u00fdun\u00e7a Aragatna\u015fyk toparyny\u0148 Sammitine gatna\u015fdy"},"content":{"rendered":"<p>\u015eu g\u00fcn hormatly Prezidentimiz Serdar Berdimuhamedow Azerba\u00fdjan Respublikasyna i\u015f saparyny\u0148 \u00e7\u00e4klerinde Go\u015fuly\u015fmazlyk Hereketini\u0148 COVID-19 bilen g\u00f6re\u015fmek bo\u00fdun\u00e7a Aragatna\u015fyk toparyny\u0148 Sammitine gatna\u015fdy.<\/p>\n<p>Sammiti\u0148 ge\u00e7iril\u00fd\u00e4n \u00fderi bolan Kongresler merkezine gelende, hormatly Prezidentimiz Serdar Berdimuhamedowy Azerba\u00fdjan Respublikasyny\u0148 Prezidenti Ilham Ali\u00fdew m\u00e4hirli gar\u015fylady.<\/p>\n<p>So\u0148ra d\u00f6wlet Ba\u015ftutanymyz \u00fdokary derejed\u00e4ki du\u015fu\u015fygy\u0148 plenar mejlisinde \u00e7yky\u015f etdi.<\/p>\n<p>D\u00f6wlet Ba\u015ftutanymyzy\u0148 \u00e7yky\u015fy uly \u00fcns bilen di\u0148lenildi we foruma gatna\u015fyjylary\u0148 el \u00e7arpy\u015fmalary bilen gar\u015fylandy.<\/p>\n<p>\u015eu g\u00fcn bu \u00fderde, Baku Kongresler merkezinde hormatly Prezidentimiz Serdar Berdimuhamedowy\u0148 we Azerba\u00fdjany\u0148 Prezidenti Ilham Ali\u00fdewi\u0148 arasynda du\u015fu\u015fyk ge\u00e7irildi.<\/p>\n<p>Du\u015fu\u015fygy\u0148 dowamynda s\u00f6hbetde\u015fler bizi\u0148 \u00fdurtlarymyzy\u0148 sy\u00fdasat, ykdysady\u00fdet, s\u00f6wda we ynsanperwer ugurlarda \u00fdokary derejed\u00e4ki \u00fdola go\u00fdlan d\u00f6wletara gatna\u015fyklaryny \u00f6sd\u00fcrmek ugrunda bilelikd\u00e4ki tagallalary ed\u00fd\u00e4ndiklerini kanagatlanma bilen bellediler.<\/p>\n","protected":false},"excerpt":{"rendered":"<p>\u015eu g\u00fcn hormatly Prezidentimiz Serdar Berdimuhamedow Azerba\u00fdjan Respublikasyna i\u015f saparyny\u0148 \u00e7\u00e4klerinde Go\u015fuly\u015fmazlyk Hereketini\u0148 COVID-19 bilen g\u00f6re\u015fmek bo\u00fdun\u00e7a Aragatna\u015fyk toparyny\u0148 Sammitine gatna\u015fdy. Sammiti\u0148 ge\u00e7iril\u00fd\u00e4n \u00fderi bolan Kongresler merkezine gelende, hormatly Prezidentimiz Serdar Berdimuhamedowy Azerba\u00fdjan Respublikasyny\u0148 Prezidenti Ilham Ali\u00fdew m\u00e4hirli gar\u015fylady. So\u0148ra d\u00f6wlet Ba\u015ftutanymyz \u00fdokary derejed\u00e4ki du\u015fu\u015fygy\u0148 plenar mejlisinde \u00e7yky\u015f etdi. D\u00f6wlet Ba\u015ftutanymyzy\u0148 \u00e7yky\u015fy uly \u00fcns bilen [&hellip;]<\/p>\n","protected":false},"author":2,"featured_media":73755,"comment_status":"open","ping_status":"closed","sticky":false,"template":"","format":"standard","meta":{"footnotes":""},"categories":[3],"tags":[],"acf":[],"_links":{"self":[{"href":"https:\/\/zamanturkmenistan.com.tm\/index.php?rest_route=\/wp\/v2\/posts\/73754"}],"collection":[{"href":"https:\/\/zamanturkmenistan.com.tm\/index.php?rest_route=\/wp\/v2\/posts"}],"about":[{"href":"https:\/\/zamanturkmenistan.com.tm\/index.php?rest_route=\/wp\/v2\/types\/post"}],"author":[{"embeddable":true,"href":"https:\/\/zamanturkmenistan.com.tm\/index.php?rest_route=\/wp\/v2\/users\/2"}],"replies":[{"embeddable":true,"href":"https:\/\/zamanturkmenistan.com.tm\/index.php?rest_route=%2Fwp%2Fv2%2Fcomments&post=73754"}],"version-history":[{"count":1,"href":"https:\/\/zamanturkmenistan.com.tm\/index.php?rest_route=\/wp\/v2\/posts\/73754\/revisions"}],"predecessor-version":[{"id":73756,"href":"https:\/\/zamanturkmenistan.com.tm\/index.php?rest_route=\/wp\/v2\/posts\/73754\/revisions\/73756"}],"wp:featuredmedia":[{"embeddable":true,"href":"https:\/\/zamanturkmenistan.com.tm\/index.php?rest_route=\/wp\/v2\/media\/73755"}],"wp:attachment":[{"href":"https:\/\/zamanturkmenistan.com.tm\/index.php?rest_route=%2Fwp%2Fv2%2Fmedia&parent=73754"}],"wp:term":[{"taxonomy":"category","embeddable":true,"href":"https:\/\/zamanturkmenistan.com.tm\/index.php?rest_route=%2Fwp%2Fv2%2Fcategories&post=73754"},{"taxonomy":"post_tag","embeddable":true,"href":"https:\/\/zamanturkmenistan.com.tm\/index.php?rest_route=%2Fwp%2Fv2%2Ftags&post=73754"}],"curies":[{"name":"wp","href":"https:\/\/api.w.org\/{rel}","templated":true}]}}