{"id":73793,"date":"2023-03-02T16:48:25","date_gmt":"2023-03-02T11:48:25","guid":{"rendered":"https:\/\/zamanturkmenistan.com.tm\/?p=73793"},"modified":"2023-03-03T16:50:44","modified_gmt":"2023-03-03T11:50:44","slug":"aramco-awtoulag-ondurijileri-bilen-hyzmatdaslyk-eder","status":"publish","type":"post","link":"https:\/\/zamanturkmenistan.com.tm\/?p=73793","title":{"rendered":"\u201cAramco\u201d awtoulag \u00f6nd\u00fcrijileri bilen hyzmatda\u015flyk eder"},"content":{"rendered":"<p>So\u0148ky \u00fdyllarda awtoulag kompani\u00fdalary tehnologi\u00fda we be\u00fdleki ugurlarda i\u015f alyp bar\u00fdan kompani\u00fdalar bilen hyzmatda\u015flygyny artdyr\u00fdar. Fransi\u00fdany\u0148 \u201cRenault\u201d hem-de Hyta\u00fdy\u0148 \u201cGeely\u201d kompani\u00fdasyna i\u00e7inden otlan\u00fdan motor \u00f6nd\u00fcrmek \u00fc\u00e7in bilelikd\u00e4ki \u015fereketi d\u00f6retmek isle\u00fd\u00e4r. Bu hyzmatda\u015flyga Saud Arabystanyny\u0148 \u201cAramco\u201d kompani\u00fdasyny\u0148 hem go\u015fuljakdygy m\u00e4lim edildi. \u015ee\u00fdlelikde \u201cAramco\u201d awtoulag senagatyna go\u015fulan nebit-gaz pudagynda i\u015f alyp bar\u00fdan ilkinji iri kompani\u00fda boldy. \u201cRenault\u201d-y\u0148 \u00fdolba\u015f\u00e7ysy Luka de Meo bu hyzmatda\u015flygy\u0148 sintetik \u00fdangy\u00e7lar bilen wodorod ugurlarynda t\u00e4ze\u00e7illigi\u0148 i\u015flenip ta\u00fd\u00fdarlanmagyna goldaw berjek maglumaty\u0148 jemlenmegine seb\u00e4p boljakdygyny belledi. habar berilmegine g\u00f6r\u00e4, \u201cAramco\u201d \u201cRenault\u201d hem-de \u201cGeely\u201d-ni\u0148 i\u00e7inden otlan\u00fdan we gibrid tehnologi\u00fdalaryny k\u00e4mille\u015fdirmek \u00fc\u00e7in d\u00f6retjek \u015fereketini\u0148 20 g\u00f6terim pa\u00fdnamasyny alar. T\u00e4ze \u015fereketde \u201cRenault\u201d we \u201cGeely\u201d kompani\u00fdalaryny\u0148 de\u0148 pa\u00fdy bolar.<\/p>\n<p>\u201cRenault\u201d i\u00e7inden otlan\u00fdan motor i\u015fini hem k\u00e4mille\u015fdirip, \u201cNissan\u201d bilen 20 \u00fdyldan b\u00e4ri dowam ed\u00fd\u00e4n hyzmatda\u015flygyny has-da \u00f6sd\u00fcrip, elektroulag \u00f6n\u00fcm\u00e7iligini hem \u00f6sd\u00fcrmek isle\u00fd\u00e4r.<\/p>\n<p>Bu hyzmatda\u015flyk hyta\u00fdy\u0148 \u201cGeely\u201d kompani\u00fdasyna \u00f6z harytlaryny global bazara has k\u00f6p \u00e7ykarmaga m\u00fcmkin\u00e7ilik berer. \u015ewesi\u00fdany\u0148 \u201cVolvo\u201d brendine hem e\u00fde\u00e7ilik ed\u00fd\u00e4n \u201cGeely\u201d Germani\u00fdany\u0148 \u201cMercedes-Benz\u201d kompani\u00fdasy bilen hem hyzmatda\u015flyk ed\u00fd\u00e4r.<\/p>\n<p style=\"text-align: right;\"><strong>G\u00fclbahar Berdi\u00fdewa, \u00ddag\u015fygeldi Kaka\u00fdew adyndaky halkara nebit we gaz uniwersitetini\u0148 talyby.<\/strong><\/p>\n","protected":false},"excerpt":{"rendered":"<p>So\u0148ky \u00fdyllarda awtoulag kompani\u00fdalary tehnologi\u00fda we be\u00fdleki ugurlarda i\u015f alyp bar\u00fdan kompani\u00fdalar bilen hyzmatda\u015flygyny artdyr\u00fdar. Fransi\u00fdany\u0148 \u201cRenault\u201d hem-de Hyta\u00fdy\u0148 \u201cGeely\u201d kompani\u00fdasyna i\u00e7inden otlan\u00fdan motor \u00f6nd\u00fcrmek \u00fc\u00e7in bilelikd\u00e4ki \u015fereketi d\u00f6retmek isle\u00fd\u00e4r. Bu hyzmatda\u015flyga Saud Arabystanyny\u0148 \u201cAramco\u201d kompani\u00fdasyny\u0148 hem go\u015fuljakdygy m\u00e4lim edildi. \u015ee\u00fdlelikde \u201cAramco\u201d awtoulag senagatyna go\u015fulan nebit-gaz pudagynda i\u015f alyp bar\u00fdan ilkinji iri kompani\u00fda boldy. \u201cRenault\u201d-y\u0148 [&hellip;]<\/p>\n","protected":false},"author":2,"featured_media":73794,"comment_status":"open","ping_status":"closed","sticky":false,"template":"","format":"standard","meta":{"footnotes":""},"categories":[5],"tags":[],"acf":[],"_links":{"self":[{"href":"https:\/\/zamanturkmenistan.com.tm\/index.php?rest_route=\/wp\/v2\/posts\/73793"}],"collection":[{"href":"https:\/\/zamanturkmenistan.com.tm\/index.php?rest_route=\/wp\/v2\/posts"}],"about":[{"href":"https:\/\/zamanturkmenistan.com.tm\/index.php?rest_route=\/wp\/v2\/types\/post"}],"author":[{"embeddable":true,"href":"https:\/\/zamanturkmenistan.com.tm\/index.php?rest_route=\/wp\/v2\/users\/2"}],"replies":[{"embeddable":true,"href":"https:\/\/zamanturkmenistan.com.tm\/index.php?rest_route=%2Fwp%2Fv2%2Fcomments&post=73793"}],"version-history":[{"count":1,"href":"https:\/\/zamanturkmenistan.com.tm\/index.php?rest_route=\/wp\/v2\/posts\/73793\/revisions"}],"predecessor-version":[{"id":73795,"href":"https:\/\/zamanturkmenistan.com.tm\/index.php?rest_route=\/wp\/v2\/posts\/73793\/revisions\/73795"}],"wp:featuredmedia":[{"embeddable":true,"href":"https:\/\/zamanturkmenistan.com.tm\/index.php?rest_route=\/wp\/v2\/media\/73794"}],"wp:attachment":[{"href":"https:\/\/zamanturkmenistan.com.tm\/index.php?rest_route=%2Fwp%2Fv2%2Fmedia&parent=73793"}],"wp:term":[{"taxonomy":"category","embeddable":true,"href":"https:\/\/zamanturkmenistan.com.tm\/index.php?rest_route=%2Fwp%2Fv2%2Fcategories&post=73793"},{"taxonomy":"post_tag","embeddable":true,"href":"https:\/\/zamanturkmenistan.com.tm\/index.php?rest_route=%2Fwp%2Fv2%2Ftags&post=73793"}],"curies":[{"name":"wp","href":"https:\/\/api.w.org\/{rel}","templated":true}]}}