{"id":74313,"date":"2023-03-13T15:35:43","date_gmt":"2023-03-13T10:35:43","guid":{"rendered":"https:\/\/zamanturkmenistan.com.tm\/?p=74313"},"modified":"2023-03-13T15:35:43","modified_gmt":"2023-03-13T10:35:43","slug":"sakiranyn-aydymy-ginnesin-rekordlar-kitabyna-girizildi","status":"publish","type":"post","link":"https:\/\/zamanturkmenistan.com.tm\/?p=74313","title":{"rendered":"\u015eakirany\u0148 a\u00fddymy Ginnesi\u0148 rekordlar kitabyna girizildi"},"content":{"rendered":"<p>D\u00fcn\u00ad\u00fd\u00e4\u00adni\u0148 me\u015f\u00adhur a\u00fd\u00addym\u00ad\u00e7y\u00adla\u00adry\u00adny\u0148 bi\u00adri bo\u00adlan ko\u00adlum\u00adbi\u00ad\u00fda\u00adly a\u00fd\u00addym\u00ad\u00e7y \u015ea\u00adki\u00adra\u00adny\u0148 ozal\u00adky \u00fdan\u00ad\u00fdol\u00adda\u00ad\u015fy\u00adna \u201ckak\u00addy\u00adryp\u201d a\u00fd\u00addan \u201cMu\u00adsic Ses\u00adsions Vol. 53\u201d at\u00adly a\u00fd\u00addy\u00admy 14 ugur\u00addan Gin\u00adne\u00adsi\u0148 re\u00adkord\u00adlar ki\u00adta\u00adby\u00adna gi\u00adri\u00adzil\u00addi. Me\u015f\u00adhur a\u00fd\u00addym\u00ad\u00e7y bel\u00adli fut\u00adbol\u00ad\u00e7y Pi\u00adke bi\u00adlen 12 \u00fdyl \u00fda\u00ad\u015fa\u00ad\u015fyp\u00addy. Onu\u0148 \u00fdan\u00adwar a\u00fdyn\u00adda DJ Bi\u00adzar\u00adrap bi\u00adlen bi\u00adle\u00adlik\u00adde d\u00f6\u00adre\u00adden bu a\u00fd\u00addy\u00admy \u201cSpo\u00adti\u00adfy\u201d-da bir g\u00fcn\u00adde i\u0148 k\u00f6p di\u0148\u00adle\u00adnen la\u00adtyn a\u00fd\u00addy\u00admy, bir g\u00fc\u00adn\u00fc\u0148 do\u00adwa\u00admyn\u00adda \u201cYou\u00adtu\u00adbe\u201dda i\u0148 k\u00f6p to\u00adma\u00ad\u015fa edi\u00adlen is\u00adpan\u00ad\u00e7a \u015fe\u00adkil\u00adli a\u00fd\u00addym \u00fda\u00adly 14 ugur\u00addan re\u00adkord go\u00fd\u00addy.<br \/>\nA\u00fd\u00addym\u00adda \u201cSa\u00ad\u0148a do\u00adlan\u00adjak d\u00e4l, me\u00adni\u0148 \u00fc\u00e7in ag\u00adla\u00adma \u00fda-da ma\u00ad\u0148a \u00fdal\u00adbar\u00adma\/Se\u00adni \u00fdaz\u00adgar\u00admak\u00adla\u00adry\u00adny\u0148 me\u00adni\u0148 \u00fdal\u00ad\u0148y\u00ad\u015fym d\u00e4l\u00addi\u00adgi\u00adne d\u00fc\u00ad\u015f\u00fcn\u00addim\/Di\u00ad\u0148e a\u00fd\u00addym d\u00f6\u00adred\u00ad\u00fd\u00e4n, bu se\u00adni bi\u00adma\u00adza ed\u00ad\u00fd\u00e4n bol\u00adsa, gy\u00adnan\u00ad\u00fdan\u201d \u00fda\u00adly se\u00adtir\u00adle\u00adri\u0148 Pi\u00adk\u00e4 kak\u00addy\u00adry\u00adlyp a\u00fd\u00addyl\u00ad\u00fdan\u00addy\u00adgy bel\u00adle\u00adnil\u00ad\u00fd\u00e4r.<\/p>\n","protected":false},"excerpt":{"rendered":"<p>D\u00fcn\u00ad\u00fd\u00e4\u00adni\u0148 me\u015f\u00adhur a\u00fd\u00addym\u00ad\u00e7y\u00adla\u00adry\u00adny\u0148 bi\u00adri bo\u00adlan ko\u00adlum\u00adbi\u00ad\u00fda\u00adly a\u00fd\u00addym\u00ad\u00e7y \u015ea\u00adki\u00adra\u00adny\u0148 ozal\u00adky \u00fdan\u00ad\u00fdol\u00adda\u00ad\u015fy\u00adna \u201ckak\u00addy\u00adryp\u201d a\u00fd\u00addan \u201cMu\u00adsic Ses\u00adsions Vol. 53\u201d at\u00adly a\u00fd\u00addy\u00admy 14 ugur\u00addan Gin\u00adne\u00adsi\u0148 re\u00adkord\u00adlar ki\u00adta\u00adby\u00adna gi\u00adri\u00adzil\u00addi. Me\u015f\u00adhur a\u00fd\u00addym\u00ad\u00e7y bel\u00adli fut\u00adbol\u00ad\u00e7y Pi\u00adke bi\u00adlen 12 \u00fdyl \u00fda\u00ad\u015fa\u00ad\u015fyp\u00addy. Onu\u0148 \u00fdan\u00adwar a\u00fdyn\u00adda DJ Bi\u00adzar\u00adrap bi\u00adlen bi\u00adle\u00adlik\u00adde d\u00f6\u00adre\u00adden bu a\u00fd\u00addy\u00admy \u201cSpo\u00adti\u00adfy\u201d-da bir g\u00fcn\u00adde i\u0148 k\u00f6p di\u0148\u00adle\u00adnen la\u00adtyn a\u00fd\u00addy\u00admy, bir g\u00fc\u00adn\u00fc\u0148 do\u00adwa\u00admyn\u00adda \u201cYou\u00adtu\u00adbe\u201dda [&hellip;]<\/p>\n","protected":false},"author":2,"featured_media":74314,"comment_status":"open","ping_status":"closed","sticky":false,"template":"","format":"standard","meta":{"footnotes":""},"categories":[5],"tags":[],"acf":[],"_links":{"self":[{"href":"https:\/\/zamanturkmenistan.com.tm\/index.php?rest_route=\/wp\/v2\/posts\/74313"}],"collection":[{"href":"https:\/\/zamanturkmenistan.com.tm\/index.php?rest_route=\/wp\/v2\/posts"}],"about":[{"href":"https:\/\/zamanturkmenistan.com.tm\/index.php?rest_route=\/wp\/v2\/types\/post"}],"author":[{"embeddable":true,"href":"https:\/\/zamanturkmenistan.com.tm\/index.php?rest_route=\/wp\/v2\/users\/2"}],"replies":[{"embeddable":true,"href":"https:\/\/zamanturkmenistan.com.tm\/index.php?rest_route=%2Fwp%2Fv2%2Fcomments&post=74313"}],"version-history":[{"count":1,"href":"https:\/\/zamanturkmenistan.com.tm\/index.php?rest_route=\/wp\/v2\/posts\/74313\/revisions"}],"predecessor-version":[{"id":74315,"href":"https:\/\/zamanturkmenistan.com.tm\/index.php?rest_route=\/wp\/v2\/posts\/74313\/revisions\/74315"}],"wp:featuredmedia":[{"embeddable":true,"href":"https:\/\/zamanturkmenistan.com.tm\/index.php?rest_route=\/wp\/v2\/media\/74314"}],"wp:attachment":[{"href":"https:\/\/zamanturkmenistan.com.tm\/index.php?rest_route=%2Fwp%2Fv2%2Fmedia&parent=74313"}],"wp:term":[{"taxonomy":"category","embeddable":true,"href":"https:\/\/zamanturkmenistan.com.tm\/index.php?rest_route=%2Fwp%2Fv2%2Fcategories&post=74313"},{"taxonomy":"post_tag","embeddable":true,"href":"https:\/\/zamanturkmenistan.com.tm\/index.php?rest_route=%2Fwp%2Fv2%2Ftags&post=74313"}],"curies":[{"name":"wp","href":"https:\/\/api.w.org\/{rel}","templated":true}]}}