{"id":74423,"date":"2023-03-14T20:32:05","date_gmt":"2023-03-14T15:32:05","guid":{"rendered":"https:\/\/zamanturkmenistan.com.tm\/?p=74423"},"modified":"2023-03-14T20:32:05","modified_gmt":"2023-03-14T15:32:05","slug":"hepdelik-dync-gununin-3-gune-yetirilmegine-garalyar","status":"publish","type":"post","link":"https:\/\/zamanturkmenistan.com.tm\/?p=74423","title":{"rendered":"Hepdelik dyn\u00e7 g\u00fcn\u00fcni\u0148 3 g\u00fcne \u00fdetirilmegine garal\u00fdar"},"content":{"rendered":"<p>Sa\u00adud Ara\u00adbys\u00adta\u00adnyn\u00adda hep\u00add\u00e4\u00adni\u0148 ahy\u00adryn\u00adda\u00adky dyn\u00e7 g\u00fcn\u00adle\u00adri\u00adni\u0148 3 g\u00fc\u00adne \u00fde\u00adti\u00adril\u00adme\u00adgi m\u00fcm\u00adkin. \u00ddur\u00addu\u0148 Sos\u00ad\u00fdal \u00f6s\u00fc\u015f mi\u00adnistr\u00adli\u00adgi i\u015f orun\u00adla\u00adry\u00adny art\u00addyr\u00admak, ba\u00adza\u00adry \u00fder\u00adli we da\u00ad\u015fa\u00adry \u00fdurt\u00adly ma\u00ad\u00fda go\u00ad\u00fdum \u00fc\u00e7in has \u00f6z\u00fc\u00adne \u00e7e\u00adki\u00adji et\u00admek mak\u00adsa\u00addy bi\u00adlen i\u015f alyp bar\u00ad\u00fdan\u00addyk\u00adla\u00adry\u00adny m\u00e4\u00adlim et\u00addi.<br \/>\nMun\u00addan ozal arap \u00fdurt\u00adla\u00adry\u00adny\u0148 ara\u00adsyn\u00adda Bir\u00adle\u00ad\u015fen Arap Emir\u00adlik\u00adle\u00adri (BAE) iki g\u00fcn\u00adl\u00fck hep\u00adde\u00adlik dyn\u00e7 g\u00fcn\u00adle\u00adri\u00adni \u00fc\u00fdt\u00adge\u00addip\u00addi. \u00ddur\u00addu\u0148 h\u00f6\u00adk\u00fc\u00adme\u00adti ge\u00ad\u00e7en \u00fdy\u00adly\u0148 1-nji \u00fdan\u00adwa\u00adryn\u00addan ba\u015f\u00adlap, i\u015f wag\u00adty\u00adny hep\u00add\u00e4\u00adni\u0148 bi\u00adrin\u00adji g\u00fc\u00adn\u00fcn\u00adden d\u00f6r\u00add\u00fcn\u00adji g\u00fc\u00adn\u00fc\u00adne \u00e7en\u00adli 7:30-dan 15:30-a \u00e7en\u00adli, b\u00e4\u00ad\u015fin\u00adji g\u00fc\u00adni bol\u00adsa, 7:30-dan 12-\u00e4 \u00e7en\u00adli bo\u00adlan 4,5 g\u00fcn\u00adl\u00fck i\u015f hep\u00adde\u00adsi\u00adni \u00fdo\u00adla go\u00ad\u00fdup\u00addy.<br \/>\n\u015ee\u00fd\u00adle hem Oman\u00adda hem \u015fu me\u00adse\u00adl\u00e4 ga\u00adral\u00ad\u00fdan\u00addy\u00adgy m\u00e4\u00adlim edil\u00addi.<\/p>\n","protected":false},"excerpt":{"rendered":"<p>Sa\u00adud Ara\u00adbys\u00adta\u00adnyn\u00adda hep\u00add\u00e4\u00adni\u0148 ahy\u00adryn\u00adda\u00adky dyn\u00e7 g\u00fcn\u00adle\u00adri\u00adni\u0148 3 g\u00fc\u00adne \u00fde\u00adti\u00adril\u00adme\u00adgi m\u00fcm\u00adkin. \u00ddur\u00addu\u0148 Sos\u00ad\u00fdal \u00f6s\u00fc\u015f mi\u00adnistr\u00adli\u00adgi i\u015f orun\u00adla\u00adry\u00adny art\u00addyr\u00admak, ba\u00adza\u00adry \u00fder\u00adli we da\u00ad\u015fa\u00adry \u00fdurt\u00adly ma\u00ad\u00fda go\u00ad\u00fdum \u00fc\u00e7in has \u00f6z\u00fc\u00adne \u00e7e\u00adki\u00adji et\u00admek mak\u00adsa\u00addy bi\u00adlen i\u015f alyp bar\u00ad\u00fdan\u00addyk\u00adla\u00adry\u00adny m\u00e4\u00adlim et\u00addi. Mun\u00addan ozal arap \u00fdurt\u00adla\u00adry\u00adny\u0148 ara\u00adsyn\u00adda Bir\u00adle\u00ad\u015fen Arap Emir\u00adlik\u00adle\u00adri (BAE) iki g\u00fcn\u00adl\u00fck hep\u00adde\u00adlik dyn\u00e7 g\u00fcn\u00adle\u00adri\u00adni \u00fc\u00fdt\u00adge\u00addip\u00addi. \u00ddur\u00addu\u0148 h\u00f6\u00adk\u00fc\u00adme\u00adti ge\u00ad\u00e7en \u00fdy\u00adly\u0148 [&hellip;]<\/p>\n","protected":false},"author":2,"featured_media":50274,"comment_status":"open","ping_status":"closed","sticky":false,"template":"","format":"standard","meta":{"footnotes":""},"categories":[5],"tags":[],"acf":[],"_links":{"self":[{"href":"https:\/\/zamanturkmenistan.com.tm\/index.php?rest_route=\/wp\/v2\/posts\/74423"}],"collection":[{"href":"https:\/\/zamanturkmenistan.com.tm\/index.php?rest_route=\/wp\/v2\/posts"}],"about":[{"href":"https:\/\/zamanturkmenistan.com.tm\/index.php?rest_route=\/wp\/v2\/types\/post"}],"author":[{"embeddable":true,"href":"https:\/\/zamanturkmenistan.com.tm\/index.php?rest_route=\/wp\/v2\/users\/2"}],"replies":[{"embeddable":true,"href":"https:\/\/zamanturkmenistan.com.tm\/index.php?rest_route=%2Fwp%2Fv2%2Fcomments&post=74423"}],"version-history":[{"count":1,"href":"https:\/\/zamanturkmenistan.com.tm\/index.php?rest_route=\/wp\/v2\/posts\/74423\/revisions"}],"predecessor-version":[{"id":74424,"href":"https:\/\/zamanturkmenistan.com.tm\/index.php?rest_route=\/wp\/v2\/posts\/74423\/revisions\/74424"}],"wp:featuredmedia":[{"embeddable":true,"href":"https:\/\/zamanturkmenistan.com.tm\/index.php?rest_route=\/wp\/v2\/media\/50274"}],"wp:attachment":[{"href":"https:\/\/zamanturkmenistan.com.tm\/index.php?rest_route=%2Fwp%2Fv2%2Fmedia&parent=74423"}],"wp:term":[{"taxonomy":"category","embeddable":true,"href":"https:\/\/zamanturkmenistan.com.tm\/index.php?rest_route=%2Fwp%2Fv2%2Fcategories&post=74423"},{"taxonomy":"post_tag","embeddable":true,"href":"https:\/\/zamanturkmenistan.com.tm\/index.php?rest_route=%2Fwp%2Fv2%2Ftags&post=74423"}],"curies":[{"name":"wp","href":"https:\/\/api.w.org\/{rel}","templated":true}]}}