{"id":74431,"date":"2023-03-15T10:25:15","date_gmt":"2023-03-15T05:25:15","guid":{"rendered":"https:\/\/zamanturkmenistan.com.tm\/?p=74431"},"modified":"2023-03-15T10:25:15","modified_gmt":"2023-03-15T05:25:15","slug":"dunyanin-in-uly-halkara-festiwaly-baslady","status":"publish","type":"post","link":"https:\/\/zamanturkmenistan.com.tm\/?p=74431","title":{"rendered":"D\u00fcn\u00fd\u00e4ni\u0148 i\u0148 uly halkara festiwaly ba\u015flady"},"content":{"rendered":"<p>12-nji ge\u00adzek ge\u00ad\u00e7i\u00adril\u00ad\u00fd\u00e4n Ka\u00adtar Hal\u00adka\u00adra ta\u00adgam fes\u00adti\u00adwa\u00adly (QIFF) \u00f6z i\u015fi\u00adne ba\u015f\u00adla\u00addy. Ge\u00ad\u00e7en \u00fdyl fut\u00adbol bo\u00ad\u00fdun\u00ad\u00e7a D\u00fcn\u00ad\u00fd\u00e4 \u00e7em\u00adpio\u00adna\u00adty\u00adny ka\u00adbul eden \u00fdurt\u00adda \u00fde\u00adne bir iri \u00e7\u00e4\u00adre ge\u00ad\u00e7i\u00adril\u00ad\u00fd\u00e4r. \u00c7em\u00adpio\u00adnat d\u00f6w\u00adr\u00fcn\u00adde me\u015f\u00adhur\u00adly\u00adgy ar\u00adtan pa\u00fd\u00adtagt Do\u00adha\u00adny\u0148 Lu\u00adsa\u00fdl Bul\u00adwa\u00adry se\u00adbi\u00adtin\u00adde ge\u00ad\u00e7i\u00adril\u00ad\u00fd\u00e4n \u00e7\u00e4\u00adr\u00e4 m\u00fc\u0148\u00adler\u00ad\u00e7e adam gat\u00adna\u015f\u00ad\u00fdar. \u201cLu\u00adsa\u00adil Al Sa\u2019ad Pla\u00adza\u201d-da ge\u00ad\u00e7i\u00adril\u00ad\u00fd\u00e4n i\u00e7im\u00adlik we na\u00adhar fes\u00adti\u00adwa\u00adly 21-nji mar\u00adta \u00e7en\u00adli do\u00adwam eder. Fes\u00adti\u00adwal\u00adda d\u00fcr\u00adli \u00fda\u015f\u00adda\u00adky myh\u00adman\u00adlar \u00fc\u00e7in gy\u00adzyk\u00adly g\u00fc\u00fd\u00admen\u00adje\u00adler bar. Bu \u00fder\u00adde fe\u00ad\u00fder\u00adwerk\u00adle\u00adri\u0148 \u015fow\u00adhu\u00adny, a\u015f\u00adpez\u00adlik us\u00adsat\u00adly\u00adgy\u00adny sy\u00adnap g\u00f6r\u00admek is\u00adle\u00ad\u00fd\u00e4n\u00adler \u00fc\u00e7in d\u00fcr\u00adli b\u00e4s\u00adle\u00ad\u015fik\u00adler hem ge\u00ad\u00e7i\u00adril\u00ad\u00fd\u00e4r. Bu \u00fde\u00adre bar\u00ad\u00fdan\u00adlar \u00fdur\u00addu\u0148 mil\u00adli ta\u00adgam\u00adla\u00adry\u00adny\u0148 bi\u00adri bo\u00adlan d\u00f6\u00adner ke\u00adba\u00adby, Mek\u00adsi\u00adka\u00adny\u0148 ta\u00adko\u00adsy \u00fda-da Li\u00adber\u00ad\u00fda\u00adny\u0148 t\u00fc\u00adwi \u00e7\u00f6\u00adre\u00adgi \u00fda\u00adly d\u00fcn\u00ad\u00fd\u00e4\u00adni\u0148 d\u00fcr\u00adli \u00fder\u00adle\u00adri\u00adni\u0148 m\u00fc\u0148\u00adler\u00ad\u00e7e ta\u00adga\u00admy\u00adny da\u00addyp g\u00f6r\u00adm\u00e4\u00adge m\u00fcm\u00adkin\u00ad\u00e7i\u00adlik alar\u00adlar. \u015ee\u00fd\u00adle hem ta\u00adgam fes\u00adti\u00adwa\u00adly\u00adna gat\u00adna\u00ad\u015fy\u00adjy\u00adlar d\u00fcn\u00ad\u00fd\u00e4\u00adni\u0148 i\u0148 ys\u00adsy \u00fder\u00adle\u00adri\u00adni\u0148 bi\u00adri bo\u00adlan Ka\u00adtar\u00adda bu\u00adzu\u0148 \u00fcs\u00adt\u00fcn\u00adde ta\u00ad\u00fdyp bi\u00adler\u00adler.<br \/>\nBu \u00fdyl \u00fdurt\u00adda Ka\u00adtar-In\u00addo\u00adne\u00adzi\u00ad\u00fda me\u00adde\u00adni\u00ad\u00fdet \u00fdy\u00adly di\u00fd\u00adlip kes\u00adgit\u00adle\u00adnen\u00addi\u00adgi \u00fc\u00e7in In\u00addo\u00adne\u00adzi\u00ad\u00fda has k\u00f6p orun ber\u00adlip\u00addir.<br \/>\nFes\u00adti\u00adwal me\u00fd\u00addan\u00ad\u00e7a\u00adsy\u00adny\u0148 bir b\u00f6\u00adle\u00adgin\u00adde di\u00ad\u0148e we\u00adgan na\u00adhar\u00adlar bar. Mun\u00addan ba\u015f\u00adga-da \u015fu \u00fdy\u00adly\u0148 okt\u00ad\u00fdab\u00adryn\u00adda \u201c\u00dda\u00ad\u015fyl \u00e7\u00f6l, has go\u00adwy da\u015f\u00adky gur\u00ad\u015faw\u201d ady bi\u00adlen Hal\u00adka\u00adra bag \u00f6s\u00fcm\u00adlik\u00adle\u00adri ser\u00adgi\u00adsi\u00adni\u0148 ge\u00ad\u00e7i\u00adril\u00adjek\u00addi\u00adgi bel\u00adle\u00adnil\u00ad\u00fd\u00e4r. Fes\u00adti\u00adwal\u00adda bu ser\u00adgi \u00fc\u00e7in hem a\u00fd\u00adra\u00adtyn pa\u00adwil\u00ad\u00fdon bo\u00adlup, fes\u00adti\u00adwa\u00adla gat\u00adna\u015f\u00ad\u00fdan\u00adla\u00adra \u00f6s\u00fcm\u00adlik\u00adle\u00adri sow\u00adgat ed\u00ad\u00fd\u00e4r.<\/p>\n","protected":false},"excerpt":{"rendered":"<p>12-nji ge\u00adzek ge\u00ad\u00e7i\u00adril\u00ad\u00fd\u00e4n Ka\u00adtar Hal\u00adka\u00adra ta\u00adgam fes\u00adti\u00adwa\u00adly (QIFF) \u00f6z i\u015fi\u00adne ba\u015f\u00adla\u00addy. Ge\u00ad\u00e7en \u00fdyl fut\u00adbol bo\u00ad\u00fdun\u00ad\u00e7a D\u00fcn\u00ad\u00fd\u00e4 \u00e7em\u00adpio\u00adna\u00adty\u00adny ka\u00adbul eden \u00fdurt\u00adda \u00fde\u00adne bir iri \u00e7\u00e4\u00adre ge\u00ad\u00e7i\u00adril\u00ad\u00fd\u00e4r. \u00c7em\u00adpio\u00adnat d\u00f6w\u00adr\u00fcn\u00adde me\u015f\u00adhur\u00adly\u00adgy ar\u00adtan pa\u00fd\u00adtagt Do\u00adha\u00adny\u0148 Lu\u00adsa\u00fdl Bul\u00adwa\u00adry se\u00adbi\u00adtin\u00adde ge\u00ad\u00e7i\u00adril\u00ad\u00fd\u00e4n \u00e7\u00e4\u00adr\u00e4 m\u00fc\u0148\u00adler\u00ad\u00e7e adam gat\u00adna\u015f\u00ad\u00fdar. \u201cLu\u00adsa\u00adil Al Sa\u2019ad Pla\u00adza\u201d-da ge\u00ad\u00e7i\u00adril\u00ad\u00fd\u00e4n i\u00e7im\u00adlik we na\u00adhar fes\u00adti\u00adwa\u00adly 21-nji mar\u00adta \u00e7en\u00adli do\u00adwam eder. Fes\u00adti\u00adwal\u00adda d\u00fcr\u00adli [&hellip;]<\/p>\n","protected":false},"author":2,"featured_media":74432,"comment_status":"open","ping_status":"closed","sticky":false,"template":"","format":"standard","meta":{"footnotes":""},"categories":[5],"tags":[],"acf":[],"_links":{"self":[{"href":"https:\/\/zamanturkmenistan.com.tm\/index.php?rest_route=\/wp\/v2\/posts\/74431"}],"collection":[{"href":"https:\/\/zamanturkmenistan.com.tm\/index.php?rest_route=\/wp\/v2\/posts"}],"about":[{"href":"https:\/\/zamanturkmenistan.com.tm\/index.php?rest_route=\/wp\/v2\/types\/post"}],"author":[{"embeddable":true,"href":"https:\/\/zamanturkmenistan.com.tm\/index.php?rest_route=\/wp\/v2\/users\/2"}],"replies":[{"embeddable":true,"href":"https:\/\/zamanturkmenistan.com.tm\/index.php?rest_route=%2Fwp%2Fv2%2Fcomments&post=74431"}],"version-history":[{"count":1,"href":"https:\/\/zamanturkmenistan.com.tm\/index.php?rest_route=\/wp\/v2\/posts\/74431\/revisions"}],"predecessor-version":[{"id":74433,"href":"https:\/\/zamanturkmenistan.com.tm\/index.php?rest_route=\/wp\/v2\/posts\/74431\/revisions\/74433"}],"wp:featuredmedia":[{"embeddable":true,"href":"https:\/\/zamanturkmenistan.com.tm\/index.php?rest_route=\/wp\/v2\/media\/74432"}],"wp:attachment":[{"href":"https:\/\/zamanturkmenistan.com.tm\/index.php?rest_route=%2Fwp%2Fv2%2Fmedia&parent=74431"}],"wp:term":[{"taxonomy":"category","embeddable":true,"href":"https:\/\/zamanturkmenistan.com.tm\/index.php?rest_route=%2Fwp%2Fv2%2Fcategories&post=74431"},{"taxonomy":"post_tag","embeddable":true,"href":"https:\/\/zamanturkmenistan.com.tm\/index.php?rest_route=%2Fwp%2Fv2%2Ftags&post=74431"}],"curies":[{"name":"wp","href":"https:\/\/api.w.org\/{rel}","templated":true}]}}