{"id":74434,"date":"2023-03-15T10:37:28","date_gmt":"2023-03-15T05:37:28","guid":{"rendered":"https:\/\/zamanturkmenistan.com.tm\/?p=74434"},"modified":"2023-03-15T10:37:28","modified_gmt":"2023-03-15T05:37:28","slug":"taze-awiakompaniya-doredildi-2","status":"publish","type":"post","link":"https:\/\/zamanturkmenistan.com.tm\/?p=74434","title":{"rendered":"T\u00e4ze awiakompani\u00fda d\u00f6redildi"},"content":{"rendered":"<p>Sa\u00adud Ara\u00adbys\u00adta\u00adnyn\u00adda 2030-njy \u00fdy\u00adla \u00e7en\u00adli \u00fd\u00fcz\u00adden gow\u00adrak no\u00adka\u00adda gat\u00adnaw\u00adla\u00adry ama\u00adla a\u015fyr\u00adjak t\u00e4\u00adze awia\u00adkom\u00adpa\u00adni\u00ad\u00fda d\u00f6\u00adre\u00addil\u00addi. Sa\u00adud Ara\u00adbys\u00adta\u00adny\u00adny\u0148 Mi\u00adras\u00add\u00fc\u00ad\u015fer \u015fa\u00adza\u00adda\u00adsy Mo\u00adham\u00admed Bin Sal\u00adman \u201cRiyadh Air\u201d at\u00adly kom\u00adpa\u00adni\u00ad\u00fda\u00adny\u0148 lo\u00adgis\u00adti\u00adka\u00adda t\u00e4\u00adze se\u00adbit\u00adle\u00ad\u00fdin g\u00fc\u00fd\u00e7 bol\u00adjak\u00addy\u00adgy\u00adny bel\u00adle\u00addi. Awia\u00adkom\u00adpa\u00adni\u00ad\u00fda\u00adny\u0148 \u00fdur\u00addy \u00fc\u00e7 yk\u00adlym \u2013 \u00ddew\u00adro\u00adpa, Azi\u00ad\u00fda we Af\u00adri\u00adka bi\u00adlen bi\u00adrik\u00addir\u00adjek\u00addi\u00adgi bel\u00adle\u00adnil\u00addi. T\u00e4\u00adze awia\u00adkom\u00adpa\u00adni\u00ad\u00fda\u00adny\u0148 \u201cSau\u00addia\u201d awia\u00adkom\u00adpa\u00adni\u00ad\u00fda\u00adsyn\u00addan so\u0148 \u00fdur\u00addu\u0148 ikin\u00adji ho\u00adwa \u00fdol\u00adla\u00adry kom\u00adpa\u00adni\u00ad\u00fda\u00adsy bol\u00adjak\u00addy\u00adgy m\u00e4\u00adlim edil\u00addi. \u201cRiyadh Air\u201d 200 m\u00fc\u0148 i\u015f or\u00adnu\u00adny d\u00f6\u00adre\u00addip, go\u015f\u00adma\u00ad\u00e7a 20 mil\u00adliard dol\u00adlar gir\u00adde\u00adji ge\u00adti\u00adrer.<\/p>\n","protected":false},"excerpt":{"rendered":"<p>Sa\u00adud Ara\u00adbys\u00adta\u00adnyn\u00adda 2030-njy \u00fdy\u00adla \u00e7en\u00adli \u00fd\u00fcz\u00adden gow\u00adrak no\u00adka\u00adda gat\u00adnaw\u00adla\u00adry ama\u00adla a\u015fyr\u00adjak t\u00e4\u00adze awia\u00adkom\u00adpa\u00adni\u00ad\u00fda d\u00f6\u00adre\u00addil\u00addi. Sa\u00adud Ara\u00adbys\u00adta\u00adny\u00adny\u0148 Mi\u00adras\u00add\u00fc\u00ad\u015fer \u015fa\u00adza\u00adda\u00adsy Mo\u00adham\u00admed Bin Sal\u00adman \u201cRiyadh Air\u201d at\u00adly kom\u00adpa\u00adni\u00ad\u00fda\u00adny\u0148 lo\u00adgis\u00adti\u00adka\u00adda t\u00e4\u00adze se\u00adbit\u00adle\u00ad\u00fdin g\u00fc\u00fd\u00e7 bol\u00adjak\u00addy\u00adgy\u00adny bel\u00adle\u00addi. Awia\u00adkom\u00adpa\u00adni\u00ad\u00fda\u00adny\u0148 \u00fdur\u00addy \u00fc\u00e7 yk\u00adlym \u2013 \u00ddew\u00adro\u00adpa, Azi\u00ad\u00fda we Af\u00adri\u00adka bi\u00adlen bi\u00adrik\u00addir\u00adjek\u00addi\u00adgi bel\u00adle\u00adnil\u00addi. T\u00e4\u00adze awia\u00adkom\u00adpa\u00adni\u00ad\u00fda\u00adny\u0148 \u201cSau\u00addia\u201d awia\u00adkom\u00adpa\u00adni\u00ad\u00fda\u00adsyn\u00addan so\u0148 \u00fdur\u00addu\u0148 ikin\u00adji ho\u00adwa \u00fdol\u00adla\u00adry kom\u00adpa\u00adni\u00ad\u00fda\u00adsy bol\u00adjak\u00addy\u00adgy m\u00e4\u00adlim [&hellip;]<\/p>\n","protected":false},"author":2,"featured_media":74435,"comment_status":"open","ping_status":"closed","sticky":false,"template":"","format":"standard","meta":{"footnotes":""},"categories":[5],"tags":[],"acf":[],"_links":{"self":[{"href":"https:\/\/zamanturkmenistan.com.tm\/index.php?rest_route=\/wp\/v2\/posts\/74434"}],"collection":[{"href":"https:\/\/zamanturkmenistan.com.tm\/index.php?rest_route=\/wp\/v2\/posts"}],"about":[{"href":"https:\/\/zamanturkmenistan.com.tm\/index.php?rest_route=\/wp\/v2\/types\/post"}],"author":[{"embeddable":true,"href":"https:\/\/zamanturkmenistan.com.tm\/index.php?rest_route=\/wp\/v2\/users\/2"}],"replies":[{"embeddable":true,"href":"https:\/\/zamanturkmenistan.com.tm\/index.php?rest_route=%2Fwp%2Fv2%2Fcomments&post=74434"}],"version-history":[{"count":1,"href":"https:\/\/zamanturkmenistan.com.tm\/index.php?rest_route=\/wp\/v2\/posts\/74434\/revisions"}],"predecessor-version":[{"id":74436,"href":"https:\/\/zamanturkmenistan.com.tm\/index.php?rest_route=\/wp\/v2\/posts\/74434\/revisions\/74436"}],"wp:featuredmedia":[{"embeddable":true,"href":"https:\/\/zamanturkmenistan.com.tm\/index.php?rest_route=\/wp\/v2\/media\/74435"}],"wp:attachment":[{"href":"https:\/\/zamanturkmenistan.com.tm\/index.php?rest_route=%2Fwp%2Fv2%2Fmedia&parent=74434"}],"wp:term":[{"taxonomy":"category","embeddable":true,"href":"https:\/\/zamanturkmenistan.com.tm\/index.php?rest_route=%2Fwp%2Fv2%2Fcategories&post=74434"},{"taxonomy":"post_tag","embeddable":true,"href":"https:\/\/zamanturkmenistan.com.tm\/index.php?rest_route=%2Fwp%2Fv2%2Ftags&post=74434"}],"curies":[{"name":"wp","href":"https:\/\/api.w.org\/{rel}","templated":true}]}}