{"id":74775,"date":"2023-03-18T17:56:15","date_gmt":"2023-03-18T12:56:15","guid":{"rendered":"https:\/\/zamanturkmenistan.com.tm\/?p=74775"},"modified":"2023-03-18T17:56:15","modified_gmt":"2023-03-18T12:56:15","slug":"suwy-arassalamak-ucin-taze-tehnologiyalar","status":"publish","type":"post","link":"https:\/\/zamanturkmenistan.com.tm\/?p=74775","title":{"rendered":"Suwy arassalamak \u00fc\u00e7in t\u00e4ze tehnologi\u00fdalar"},"content":{"rendered":"<p>22-nji mart\u00adda bel\u00adlen\u00adjek B\u00fc\u00adtin\u00add\u00fcn\u00ad\u00fd\u00e4 suw g\u00fc\u00adn\u00fc\u00adni\u0148 \u00f6\u0148\u00fc\u00adsy\u00adra\u00adsyn\u00adda h\u00fc\u00adn\u00e4r\u00admen\u00adler d\u00fcn\u00ad\u00fd\u00e4\u00adni\u0148 d\u00fcr\u00adli se\u00adbit\u00adle\u00adrin\u00adde h\u00e4\u00adzir\u00adki wagt\u00adda suw \u00fdet\u00admez\u00ad\u00e7i\u00adli\u00adgi\u00adni ba\u015f\u00addan ge\u00ad\u00e7ir\u00ad\u00fd\u00e4n 2 mil\u00adliard\u00addan gow\u00adrak ada\u00admy suw bi\u00adlen \u00fcp\u00adj\u00fcn et\u00adme\u00adgi\u0148 me\u00adse\u00adle\u00adle\u00adri\u00adni ara alyp mas\u00adla\u00adhat\u00adla\u015f\u00ad\u00fdar\u00adlar.<br \/>\nYk\u00addy\u00adsa\u00addy hyz\u00admat\u00adda\u015f\u00adlyk we \u00f6s\u00fc\u015f gu\u00adra\u00adma\u00adsy\u00adny\u0148 (OECD) ha\u00adsa\u00adba\u00adty\u00adna g\u00f6\u00adr\u00e4, 2050-nji \u00fdy\u00adla \u00e7en\u00adli d\u00fcn\u00ad\u00fd\u00e4 ila\u00adty\u00adny\u0148 60%-i suw \u00fdet\u00admez\u00ad\u00e7i\u00adli\u00adgi\u00adne du\u00ad\u00e7ar bo\u00adlup bi\u00adler. Bu ba\u00adra\u00adda \u201cEu\u00adro\u00adnews\u201d te\u00adle\u00ad\u00fda\u00fd\u00adly\u00admy ha\u00adbar ber\u00ad\u00fd\u00e4r.<br \/>\nSuw bi\u00adlen bag\u00adla\u00adny\u00ad\u015fyk\u00adly kyn\u00ad\u00e7y\u00adlyk\u00adla\u00adry ba\u015f\u00addan ge\u00ad\u00e7i\u00adren d\u00f6w\u00adlet\u00adle\u00adri\u0148 bi\u00adri hem Ka\u00adtar\u00addyr. Bu \u00fdurt uzak m\u00f6h\u00adlet\u00adde bu me\u00adse\u00adl\u00e4\u00adni \u00e7\u00f6z\u00admek mak\u00adsa\u00addy bi\u00adlen i\u0148 \u00f6sen h\u00e4\u00adzir\u00adki za\u00adman teh\u00adno\u00adlo\u00adgi\u00ad\u00fda\u00adla\u00adry\u00adny i\u015fe gi\u00adri\u00adzip, \u00fd\u00f6\u00adri\u00adte\u00adle\u015f\u00addi\u00adri\u00adlen san\u00adly ul\u00adgam\u00adlar ba\u00adza\u00adryn\u00adda Is\u00adpa\u00adni\u00ad\u00fda\u00adny\u0148 \u00f6\u0148\u00adde\u00adba\u00adry\u00adjy \u201cAguas de Valencia\u201d to\u00adpa\u00adry bi\u00adlen hyz\u00admat\u00adda\u015f\u00adlyk ed\u00ad\u00fd\u00e4r.<br \/>\nBu kom\u00adpa\u00adni\u00ad\u00fda, Ka\u00adta\u00adry\u0148 pa\u00fd\u00adtag\u00adty Do\u00adha\u00adny\u0148 g\u00fcn\u00adba\u00adta\u00adryn\u00adda\u00adky i\u0148 uly suw aras\u00adsa\u00adla\u00ad\u00fdan des\u00adga\u00adny do\u00adlan\u00addyr\u00ad\u00fdar. Ak\u00addy\u00adryl\u00ad\u00fdan suw\u00adlar za\u00adwod\u00adda \u00fdo\u00adka\u00adry ba\u00adsy\u015f\u00adda bio\u00adlo\u00adgi\u00adki s\u00fcz\u00adg\u00fc\u00e7\u00adden ge\u00ad\u00e7ip, sa\u00adni\u00adta\u00adri\u00ad\u00fda ta\u00fd\u00addan bir\u00adn\u00e4\u00ad\u00e7e tap\u00adgyr\u00adda ga\u00fd\u00adta\u00addan i\u015f\u00adle\u00adni\u00adlen\u00adden so\u0148, bag\u00adla\u00adry, me\u00fd\u00addan\u00adla\u00adry we se\u00ad\u00fdil\u00adg\u00e4h\u00adle\u00adri su\u00adwar\u00admak \u00fc\u00e7in \u00fda\u00adram\u00adly bol\u00ad\u00fdar.<br \/>\nKa\u00adtar\u00adda yga\u00adly sak\u00adla\u00admak \u00fc\u00e7in in\u00adno\u00adwa\u00adsi\u00ad\u00fda teh\u00adno\u00adlo\u00adgi\u00ad\u00fda\u00adla\u00adry hem ula\u00adnyl\u00ad\u00fdar. \u201cAguas de Valencia\u201dkom\u00adpa\u00adni\u00ad\u00fda\u00adsy\u00adny\u0148 ba\u015f di\u00adrek\u00adto\u00adry En\u00adri\u00adke Fer\u00adnan\u00adde\u00adsi\u0148 pi\u00adki\u00adri\u00ad\u00e7e, Ka\u00adtar\u00adda \u00fda\u00adgy\u015f\u00adly g\u00fcn\u00adler\u00adde gys\u00adga wag\u00adty\u0148 i\u00e7in\u00adde ga\u00adty k\u00f6p suw d\u00fc\u015f\u00ad\u00fd\u00e4n\u00addi\u00adgi\u00adni bel\u00adle\u00ad\u00fd\u00e4r.<br \/>\n&#8211; Biz i\u0148 k\u00f6p muk\u00addar\u00adda \u00fda\u00adgy\u00ad\u015fy ga\u00fd\u00adta\u00addan i\u015f\u00adle\u00adm\u00e4\u00adge we ony bel\u00adli bir wagt ara\u00adly\u00adgyn\u00adda sak\u00adla\u00adma\u00adga, so\u0148 bol\u00adsa \u00fdyg\u00adna\u00adnan \u00fda\u00adgy\u00ad\u015fy\u0148 \u00e4h\u00adli muk\u00adda\u00adry\u00adny aras\u00adsa\u00adla\u00adma\u00adga ta\u00ad\u00fdyn bol\u00adma\u00adly \u2013 di\u00ad\u00fdip, ol bel\u00adle\u00addi.<\/p>\n","protected":false},"excerpt":{"rendered":"<p>22-nji mart\u00adda bel\u00adlen\u00adjek B\u00fc\u00adtin\u00add\u00fcn\u00ad\u00fd\u00e4 suw g\u00fc\u00adn\u00fc\u00adni\u0148 \u00f6\u0148\u00fc\u00adsy\u00adra\u00adsyn\u00adda h\u00fc\u00adn\u00e4r\u00admen\u00adler d\u00fcn\u00ad\u00fd\u00e4\u00adni\u0148 d\u00fcr\u00adli se\u00adbit\u00adle\u00adrin\u00adde h\u00e4\u00adzir\u00adki wagt\u00adda suw \u00fdet\u00admez\u00ad\u00e7i\u00adli\u00adgi\u00adni ba\u015f\u00addan ge\u00ad\u00e7ir\u00ad\u00fd\u00e4n 2 mil\u00adliard\u00addan gow\u00adrak ada\u00admy suw bi\u00adlen \u00fcp\u00adj\u00fcn et\u00adme\u00adgi\u0148 me\u00adse\u00adle\u00adle\u00adri\u00adni ara alyp mas\u00adla\u00adhat\u00adla\u015f\u00ad\u00fdar\u00adlar. Yk\u00addy\u00adsa\u00addy hyz\u00admat\u00adda\u015f\u00adlyk we \u00f6s\u00fc\u015f gu\u00adra\u00adma\u00adsy\u00adny\u0148 (OECD) ha\u00adsa\u00adba\u00adty\u00adna g\u00f6\u00adr\u00e4, 2050-nji \u00fdy\u00adla \u00e7en\u00adli d\u00fcn\u00ad\u00fd\u00e4 ila\u00adty\u00adny\u0148 60%-i suw \u00fdet\u00admez\u00ad\u00e7i\u00adli\u00adgi\u00adne du\u00ad\u00e7ar bo\u00adlup bi\u00adler. Bu ba\u00adra\u00adda \u201cEu\u00adro\u00adnews\u201d te\u00adle\u00ad\u00fda\u00fd\u00adly\u00admy ha\u00adbar ber\u00ad\u00fd\u00e4r. Suw [&hellip;]<\/p>\n","protected":false},"author":2,"featured_media":74776,"comment_status":"open","ping_status":"closed","sticky":false,"template":"","format":"standard","meta":{"footnotes":""},"categories":[5],"tags":[],"acf":[],"_links":{"self":[{"href":"https:\/\/zamanturkmenistan.com.tm\/index.php?rest_route=\/wp\/v2\/posts\/74775"}],"collection":[{"href":"https:\/\/zamanturkmenistan.com.tm\/index.php?rest_route=\/wp\/v2\/posts"}],"about":[{"href":"https:\/\/zamanturkmenistan.com.tm\/index.php?rest_route=\/wp\/v2\/types\/post"}],"author":[{"embeddable":true,"href":"https:\/\/zamanturkmenistan.com.tm\/index.php?rest_route=\/wp\/v2\/users\/2"}],"replies":[{"embeddable":true,"href":"https:\/\/zamanturkmenistan.com.tm\/index.php?rest_route=%2Fwp%2Fv2%2Fcomments&post=74775"}],"version-history":[{"count":1,"href":"https:\/\/zamanturkmenistan.com.tm\/index.php?rest_route=\/wp\/v2\/posts\/74775\/revisions"}],"predecessor-version":[{"id":74777,"href":"https:\/\/zamanturkmenistan.com.tm\/index.php?rest_route=\/wp\/v2\/posts\/74775\/revisions\/74777"}],"wp:featuredmedia":[{"embeddable":true,"href":"https:\/\/zamanturkmenistan.com.tm\/index.php?rest_route=\/wp\/v2\/media\/74776"}],"wp:attachment":[{"href":"https:\/\/zamanturkmenistan.com.tm\/index.php?rest_route=%2Fwp%2Fv2%2Fmedia&parent=74775"}],"wp:term":[{"taxonomy":"category","embeddable":true,"href":"https:\/\/zamanturkmenistan.com.tm\/index.php?rest_route=%2Fwp%2Fv2%2Fcategories&post=74775"},{"taxonomy":"post_tag","embeddable":true,"href":"https:\/\/zamanturkmenistan.com.tm\/index.php?rest_route=%2Fwp%2Fv2%2Ftags&post=74775"}],"curies":[{"name":"wp","href":"https:\/\/api.w.org\/{rel}","templated":true}]}}