{"id":74786,"date":"2023-03-17T20:17:35","date_gmt":"2023-03-17T15:17:35","guid":{"rendered":"https:\/\/zamanturkmenistan.com.tm\/?p=74786"},"modified":"2023-03-18T20:20:00","modified_gmt":"2023-03-18T15:20:00","slug":"5g-antennalarynyn-sany-3-milliondan-gecer","status":"publish","type":"post","link":"https:\/\/zamanturkmenistan.com.tm\/?p=74786","title":{"rendered":"5G antennalaryny\u0148 sany 3 milliondan ge\u00e7er"},"content":{"rendered":"<p>2018-nji \u00fdyl\u00adda pe\u00fd\u00adda bo\u00adlan in\u00adter\u00adnet ara\u00adgat\u00adna\u00ad\u015fy\u00adgy\u00adny\u0148 5-nji nes\u00adli di\u00ad\u0148e g\u00fcn\u00adde\u00adlik dur\u00admu\u015f\u00adda d\u00e4l, e\u00fd\u00adsem, se\u00adna\u00adgat \u00f6n\u00fcm\u00ad\u00e7i\u00adli\u00adgi \u00fc\u00e7in hem \u00e4h\u00admi\u00ad\u00fdet\u00adli ha\u00adsap\u00adlan\u00ad\u00fdar. Bu ugur\u00adda Hy\u00adta\u00fd \u00f6\u0148\u00add\u00e4\u00adki orun\u00adla\u00adry e\u00fde\u00adle\u00ad\u00fd\u00e4r. \u00ddy\u00adly\u0148 ahy\u00adry\u00adna \u00e7en\u00adli bu \u00fdurt\u00adda 600 m\u00fc\u0148 5G an\u00adten\u00adna\u00adsy otur\u00addy\u00adlar. \u015ee\u00fd\u00adle\u00adlik\u00adde \u00fdurt\u00adda\u00adky 5G be\u00adket\u00adle\u00adri\u00adni\u0148 sa\u00adny 3 mil\u00adli\u00adon\u00addan ge\u00ad\u00e7er. Ara\u00adgat\u00adna\u00ad\u015fy\u00adgy\u0148 \u00f6sen g\u00f6r\u00adn\u00fc\u00ad\u015fi h\u00e4\u00adzir\u00adki wagt\u00adda d\u00fcn\u00ad\u00fd\u00e4\u00adni\u0148 k\u00f6p \u00fdur\u00addun\u00adda sy\u00adnag\u00addan ge\u00ad\u00e7i\u00adril\u00ad\u00fd\u00e4r. Hy\u00adta\u00fd\u00adda 2 mil\u00adli\u00adon\u00addan gow\u00adrak 5G be\u00adke\u00addi bo\u00adlup, d\u00fcn\u00ad\u00fd\u00e4\u00add\u00e4\u00adki je\u00admi 5G be\u00adket\u00adle\u00adri\u00adni\u0148 60 g\u00f6\u00adte\u00adri\u00admi bu \u00fdurt\u00adda otur\u00addy\u00adlan\u00addyr. 2021-nji \u00fdy\u00adly\u0148 ahy\u00adryn\u00adda Hy\u00adta\u00fd\u00adda\u00adky 5G be\u00adket\u00adle\u00adri\u00adni\u0148 sa\u00adny\u00adny\u0148 1,43 mil\u00adlio\u00adna \u00fde\u00adten\u00addi\u00adgi m\u00e4\u00adlim edi\u00adlip\u00addi.<\/p>\n<p style=\"text-align: right;\"><strong>An\u00adna\u00addur\u00addy Oraz\u00adgel\u00addi\u00ad\u00fdew, T\u00fcrk\u00adme\u00adnis\u00adta\u00adny\u0148 Oguz han adyn\u00adda\u00adky in\u00ad\u017ee\u00adner-teh\u00adno\u00adlo\u00adgi\u00ad\u00fda\u00adlar uni\u00adwer\u00adsi\u00adte\u00adti\u00adni\u0148 ta\u00adly\u00adby.<\/strong><\/p>\n","protected":false},"excerpt":{"rendered":"<p>2018-nji \u00fdyl\u00adda pe\u00fd\u00adda bo\u00adlan in\u00adter\u00adnet ara\u00adgat\u00adna\u00ad\u015fy\u00adgy\u00adny\u0148 5-nji nes\u00adli di\u00ad\u0148e g\u00fcn\u00adde\u00adlik dur\u00admu\u015f\u00adda d\u00e4l, e\u00fd\u00adsem, se\u00adna\u00adgat \u00f6n\u00fcm\u00ad\u00e7i\u00adli\u00adgi \u00fc\u00e7in hem \u00e4h\u00admi\u00ad\u00fdet\u00adli ha\u00adsap\u00adlan\u00ad\u00fdar. Bu ugur\u00adda Hy\u00adta\u00fd \u00f6\u0148\u00add\u00e4\u00adki orun\u00adla\u00adry e\u00fde\u00adle\u00ad\u00fd\u00e4r. \u00ddy\u00adly\u0148 ahy\u00adry\u00adna \u00e7en\u00adli bu \u00fdurt\u00adda 600 m\u00fc\u0148 5G an\u00adten\u00adna\u00adsy otur\u00addy\u00adlar. \u015ee\u00fd\u00adle\u00adlik\u00adde \u00fdurt\u00adda\u00adky 5G be\u00adket\u00adle\u00adri\u00adni\u0148 sa\u00adny 3 mil\u00adli\u00adon\u00addan ge\u00ad\u00e7er. Ara\u00adgat\u00adna\u00ad\u015fy\u00adgy\u0148 \u00f6sen g\u00f6r\u00adn\u00fc\u00ad\u015fi h\u00e4\u00adzir\u00adki wagt\u00adda d\u00fcn\u00ad\u00fd\u00e4\u00adni\u0148 k\u00f6p \u00fdur\u00addun\u00adda sy\u00adnag\u00addan ge\u00ad\u00e7i\u00adril\u00ad\u00fd\u00e4r. Hy\u00adta\u00fd\u00adda 2 [&hellip;]<\/p>\n","protected":false},"author":2,"featured_media":74787,"comment_status":"open","ping_status":"closed","sticky":false,"template":"","format":"standard","meta":{"footnotes":""},"categories":[5],"tags":[],"acf":[],"_links":{"self":[{"href":"https:\/\/zamanturkmenistan.com.tm\/index.php?rest_route=\/wp\/v2\/posts\/74786"}],"collection":[{"href":"https:\/\/zamanturkmenistan.com.tm\/index.php?rest_route=\/wp\/v2\/posts"}],"about":[{"href":"https:\/\/zamanturkmenistan.com.tm\/index.php?rest_route=\/wp\/v2\/types\/post"}],"author":[{"embeddable":true,"href":"https:\/\/zamanturkmenistan.com.tm\/index.php?rest_route=\/wp\/v2\/users\/2"}],"replies":[{"embeddable":true,"href":"https:\/\/zamanturkmenistan.com.tm\/index.php?rest_route=%2Fwp%2Fv2%2Fcomments&post=74786"}],"version-history":[{"count":1,"href":"https:\/\/zamanturkmenistan.com.tm\/index.php?rest_route=\/wp\/v2\/posts\/74786\/revisions"}],"predecessor-version":[{"id":74788,"href":"https:\/\/zamanturkmenistan.com.tm\/index.php?rest_route=\/wp\/v2\/posts\/74786\/revisions\/74788"}],"wp:featuredmedia":[{"embeddable":true,"href":"https:\/\/zamanturkmenistan.com.tm\/index.php?rest_route=\/wp\/v2\/media\/74787"}],"wp:attachment":[{"href":"https:\/\/zamanturkmenistan.com.tm\/index.php?rest_route=%2Fwp%2Fv2%2Fmedia&parent=74786"}],"wp:term":[{"taxonomy":"category","embeddable":true,"href":"https:\/\/zamanturkmenistan.com.tm\/index.php?rest_route=%2Fwp%2Fv2%2Fcategories&post=74786"},{"taxonomy":"post_tag","embeddable":true,"href":"https:\/\/zamanturkmenistan.com.tm\/index.php?rest_route=%2Fwp%2Fv2%2Ftags&post=74786"}],"curies":[{"name":"wp","href":"https:\/\/api.w.org\/{rel}","templated":true}]}}