{"id":74921,"date":"2023-03-22T11:25:31","date_gmt":"2023-03-22T06:25:31","guid":{"rendered":"https:\/\/zamanturkmenistan.com.tm\/?p=74921"},"modified":"2023-03-22T16:56:26","modified_gmt":"2023-03-22T11:56:26","slug":"dunyanin-in-gowy-aeroportlary-2","status":"publish","type":"post","link":"https:\/\/zamanturkmenistan.com.tm\/?p=74921","title":{"rendered":"D\u00fcn\u00fd\u00e4ni\u0148 i\u0148 gowy aeroportlary"},"content":{"rendered":"<p>U\u00e7u\u015f bar\u00adlag\u00adla\u00adry\u00adny ge\u00ad\u00e7ir\u00ad\u00fd\u00e4n \u201cSkyt\u00adrax\u201d 2023-nji \u00fdy\u00adly\u0148 i\u0148 go\u00adwy ho\u00adwa men\u00adzil\u00adle\u00adri\u00adni m\u00e4\u00adlim et\u00addi. Sa\u00adnaw\u00adda Sin\u00adga\u00adpu\u00adry\u0148 \u201cChan\u00adgi\u201d ae\u00adro\u00adpor\u00adty \u00f6\u0148\u00adde\u00adli\u00adgi e\u00fde\u00adle\u00addi. I\u00e7in\u00adde be\u00ad\u00fdik\u00adli\u00adgi 40 met\u00adre \u00fdet\u00ad\u00fd\u00e4n \u015fag\u00adla\u00adwuk bo\u00adlan ho\u00adwa men\u00adzi\u00adli mun\u00addan ozal hem bir\u00adn\u00e4\u00ad\u00e7e ge\u00adzek awia\u00adsi\u00ad\u00fda ba\u00fd\u00adrak\u00adla\u00adry\u00adna my\u00adna\u00adsyp bo\u00adlup\u00addy. Ae\u00adro\u00adport m\u00fc\u015f\u00adde\u00adri\u00adle\u00adri\u00adne h\u00f6\u00add\u00fcr\u00adle\u00ad\u00fd\u00e4n na\u00adhar hyz\u00adma\u00adty, dyn\u00e7 aly\u015f \u00fder\u00adle\u00adri bo\u00ad\u00fdun\u00ad\u00e7a hem bi\u00adrin\u00adji bol\u00addy. Ka\u00adta\u00adry\u0148 pa\u00fd\u00adtag\u00adtyn\u00adda\u00adky Ha\u00admad hal\u00adka\u00adra ae\u00adro\u00adpor\u00adty d\u00fcn\u00ad\u00fd\u00e4 de\u00adre\u00adje\u00adsin\u00adde ikin\u00adji or\u00adny e\u00fde\u00adle\u00addi. Do\u00adha\u00adny\u0148 ho\u00adwa men\u00adzi\u00adli mun\u00addan ozal iki \u00fdyl yz\u00adly-yzy\u00adna bu sa\u00adnaw\u00adda bi\u00adrin\u00adji bo\u00adlup\u00addy.<br \/>\n\u00dc\u00e7\u00fcn\u00adji or\u00adny Tok\u00ad\u00fdo\u00adny\u0148 hal\u00adka\u00adra ho\u00adwa men\u00adzi\u00adli, d\u00f6r\u00add\u00fcn\u00adji \u00fde\u00adri G\u00fc\u00adnor\u00adta Ko\u00adre\u00ad\u00fda\u00adny\u0148 In\u00e7\u00adhon ae\u00adro\u00adpor\u00adty al\u00addy.<br \/>\nPa\u00adri\u00ad\u017ei\u0148 \u015earl-de-Gol ae\u00adro\u00adpor\u00adty glo\u00adbal de\u00adre\u00adje\u00adde b\u00e4\u00ad\u015fin\u00adji, \u00ddew\u00adro\u00adpa\u00adda bi\u00adrin\u00adji bol\u00addy. \u201cSkyt\u00adrax\u201d 2023-nji \u00fdyl \u00fc\u00e7in t\u00e4\u00adze ba\u00fd\u00adra\u00adgy \u2013 Sun\u00adgat ka\u00adte\u00adgo\u00adri\u00ad\u00fda\u00adsy\u00adny hem gi\u00adriz\u00addi. Bu ba\u00fd\u00adra\u00adga H\u00fdus\u00adton ae\u00adro\u00adpor\u00adty\u00adna de\u00adgi\u015f\u00adli 2 ae\u00adro\u00adport bo\u00adlan Wil\u00adli\u00adam P. Hob\u00adbi hem-de Jorj Bu\u015f yk\u00adly\u00adma\u00adra H\u00fdus\u00adton ae\u00adro\u00adpor\u00adty my\u00adna\u00adsyp bol\u00addy. Bu ugur\u00adda\u00adky ba\u00fd\u00adrak m\u00fc\u015f\u00adde\u00adri\u00adler bi\u00adlen edi\u00adlen pi\u00adkir so\u00adra\u015f\u00adma\u00adny\u0148 d\u00e4l-de, emin ag\u00adza\u00adla\u00adry ta\u00adra\u00adpyn\u00addan kes\u00adgit\u00adlen\u00addi.<br \/>\n\u201cSkyt\u00adrax B\u00fc\u00adtin\u00add\u00fcn\u00ad\u00fd\u00e4 ae\u00adro\u00adport ba\u00fd\u00adrak\u00adla\u00adry\u201d d\u00fcn\u00ad\u00fd\u00e4\u00adde ge\u00ad\u00e7i\u00adril\u00ad\u00fd\u00e4n pi\u00adkir so\u00adra\u00adly\u00ad\u015fyk ne\u00adti\u00adje\u00adsin\u00adde kes\u00adgit\u00adlen\u00ad\u00fd\u00e4r. M\u00fc\u015f\u00adde\u00adri\u00adler 550-den gow\u00adrak ae\u00adro\u00adpor\u00adta ses ber\u00ad\u00fd\u00e4r\u00adler.<\/p>\n<p style=\"text-align: right;\"><strong>G\u00fc\u00adl\u00e4\u00adlek E\u00fde\u00adber\u00addi\u00ad\u00fde\u00adwa, D\u00f6w\u00adlet\u00adm\u00e4m\u00admet Aza\u00addy adyn\u00adda\u00adky T\u00fcrk\u00admen mil\u00adli d\u00fcn\u00ad\u00fd\u00e4 dil\u00adle\u00adri ins\u00adti\u00adtu\u00adty\u00adny\u0148 ta\u00adly\u00adby.<\/strong><\/p>\n","protected":false},"excerpt":{"rendered":"<p>U\u00e7u\u015f bar\u00adlag\u00adla\u00adry\u00adny ge\u00ad\u00e7ir\u00ad\u00fd\u00e4n \u201cSkyt\u00adrax\u201d 2023-nji \u00fdy\u00adly\u0148 i\u0148 go\u00adwy ho\u00adwa men\u00adzil\u00adle\u00adri\u00adni m\u00e4\u00adlim et\u00addi. Sa\u00adnaw\u00adda Sin\u00adga\u00adpu\u00adry\u0148 \u201cChan\u00adgi\u201d ae\u00adro\u00adpor\u00adty \u00f6\u0148\u00adde\u00adli\u00adgi e\u00fde\u00adle\u00addi. I\u00e7in\u00adde be\u00ad\u00fdik\u00adli\u00adgi 40 met\u00adre \u00fdet\u00ad\u00fd\u00e4n \u015fag\u00adla\u00adwuk bo\u00adlan ho\u00adwa men\u00adzi\u00adli mun\u00addan ozal hem bir\u00adn\u00e4\u00ad\u00e7e ge\u00adzek awia\u00adsi\u00ad\u00fda ba\u00fd\u00adrak\u00adla\u00adry\u00adna my\u00adna\u00adsyp bo\u00adlup\u00addy. Ae\u00adro\u00adport m\u00fc\u015f\u00adde\u00adri\u00adle\u00adri\u00adne h\u00f6\u00add\u00fcr\u00adle\u00ad\u00fd\u00e4n na\u00adhar hyz\u00adma\u00adty, dyn\u00e7 aly\u015f \u00fder\u00adle\u00adri bo\u00ad\u00fdun\u00ad\u00e7a hem bi\u00adrin\u00adji bol\u00addy. Ka\u00adta\u00adry\u0148 pa\u00fd\u00adtag\u00adtyn\u00adda\u00adky Ha\u00admad hal\u00adka\u00adra ae\u00adro\u00adpor\u00adty d\u00fcn\u00ad\u00fd\u00e4 de\u00adre\u00adje\u00adsin\u00adde [&hellip;]<\/p>\n","protected":false},"author":2,"featured_media":74922,"comment_status":"open","ping_status":"closed","sticky":false,"template":"","format":"standard","meta":{"footnotes":""},"categories":[5],"tags":[],"acf":[],"_links":{"self":[{"href":"https:\/\/zamanturkmenistan.com.tm\/index.php?rest_route=\/wp\/v2\/posts\/74921"}],"collection":[{"href":"https:\/\/zamanturkmenistan.com.tm\/index.php?rest_route=\/wp\/v2\/posts"}],"about":[{"href":"https:\/\/zamanturkmenistan.com.tm\/index.php?rest_route=\/wp\/v2\/types\/post"}],"author":[{"embeddable":true,"href":"https:\/\/zamanturkmenistan.com.tm\/index.php?rest_route=\/wp\/v2\/users\/2"}],"replies":[{"embeddable":true,"href":"https:\/\/zamanturkmenistan.com.tm\/index.php?rest_route=%2Fwp%2Fv2%2Fcomments&post=74921"}],"version-history":[{"count":1,"href":"https:\/\/zamanturkmenistan.com.tm\/index.php?rest_route=\/wp\/v2\/posts\/74921\/revisions"}],"predecessor-version":[{"id":74923,"href":"https:\/\/zamanturkmenistan.com.tm\/index.php?rest_route=\/wp\/v2\/posts\/74921\/revisions\/74923"}],"wp:featuredmedia":[{"embeddable":true,"href":"https:\/\/zamanturkmenistan.com.tm\/index.php?rest_route=\/wp\/v2\/media\/74922"}],"wp:attachment":[{"href":"https:\/\/zamanturkmenistan.com.tm\/index.php?rest_route=%2Fwp%2Fv2%2Fmedia&parent=74921"}],"wp:term":[{"taxonomy":"category","embeddable":true,"href":"https:\/\/zamanturkmenistan.com.tm\/index.php?rest_route=%2Fwp%2Fv2%2Fcategories&post=74921"},{"taxonomy":"post_tag","embeddable":true,"href":"https:\/\/zamanturkmenistan.com.tm\/index.php?rest_route=%2Fwp%2Fv2%2Ftags&post=74921"}],"curies":[{"name":"wp","href":"https:\/\/api.w.org\/{rel}","templated":true}]}}